{"id":9857,"date":"2024-10-30T22:07:12","date_gmt":"2024-10-30T21:07:12","guid":{"rendered":"https:\/\/pasaenmendoza.com\/?p=9857"},"modified":"2024-10-30T22:07:13","modified_gmt":"2024-10-30T21:07:13","slug":"informaron-que-los-extranjeros-deberan-pagar-casi-50-mas-que-los-argentinos-para-entrar-al-parque-aconcagua","status":"publish","type":"post","link":"https:\/\/pasaenmendoza.com\/?p=9857","title":{"rendered":"Informaron que los extranjeros deber\u00e1n pagar casi 50% m\u00e1s que los argentinos para entrar al Parque Aconcagua"},"content":{"rendered":"\n<p>El viernes comienza la temporada estival del\u00a0<strong>Parque Provincial Aconcagua<\/strong>\u00a0con nuevas\u00a0<strong>tarifas<\/strong>\u00a0para los\u00a0<strong>andinistas<\/strong>. Valores que reflejan un fuerte\u00a0<strong>aumento<\/strong>\u00a0respecto a ciclo 2023-24, sobre todo para los\u00a0<strong>extranjeros\u00a0<\/strong>que busquen hacer cumbre en el pico m\u00e1s alto de Am\u00e9rica.<\/p>\n\n\n\n<p>&#8220;Previo a iniciar la temporada en el Parque Provincial Aconcagua se realiza una evaluaci\u00f3n econ\u00f3mica de\u00a0<strong>costos de operaci\u00f3n, ingreso de personas, atenci\u00f3n m\u00e9dica, servicios que se prestan a andinistas y adquisici\u00f3n de equipamiento<\/strong>. En definitiva, los recursos necesarios para afrontar la temporada&#8221;, se\u00f1alaron desde el Ministerio de Ambiente.<\/p>\n\n\n\n<p>As\u00ed, con la temporada estival que comienza el pr\u00f3ximo viernes 1 de noviembre y se extender\u00e1 hasta el 30 de abril de 2025, las&nbsp;<strong>tarifas&nbsp;<\/strong>tendr\u00e1n un fuerte ajuste. Tanto a valor pesos para turistas argentinos como en&nbsp;<strong>d\u00f3lares<\/strong>, la moneda vigente con la que se cobra el uso de los servicios a los extranjeros.<strong>&nbsp;El aumento ser\u00e1 del orden del 6%.<\/strong><\/p>\n\n\n\n<p>En ese sentido, el Gobierno admiti\u00f3 estar &#8220;<strong>tomando medidas para optimizar la relaci\u00f3n costo\/beneficio<\/strong>&nbsp;de la operaci\u00f3n, considerando el&nbsp;<strong>incremento de precios en insumos<\/strong>&nbsp;y que se enfrentan&nbsp;<strong>gastos adicionales en el proceso de relocalizaci\u00f3n<\/strong>&nbsp;del Campamento Base Plaza de Mulas&#8221;.<\/p>\n\n\n\n<p>Al mismo tiempo, Ambiente tiene en evaluaci\u00f3n propuestas para el\u00a0<strong>tratamiento in situ de efluentes cloacales<\/strong>\u00a0en distintos Campamentos y desarrollo de servicios e infraestructura que tambi\u00e9n suma a la ecuaci\u00f3n. Por ahora, sirve como argumento para justificar\u00a0<strong>la suba de tarifas del Parque Aconcagua en verano, que se despega de la temporada actual<\/strong>.<\/p>\n\n\n\n<h2 class=\"wp-block-heading\">C\u00f3mo quedan las tarifas<\/h2>\n\n\n\n<p>Por lo pronto, el Gobierno, a trav\u00e9s de la Direcci\u00f3n de \u00c1reas Protegidas, actualiz\u00f3\u00a0<strong>tarifas o aranceles<\/strong>\u00a0para el pr\u00f3ximo a\u00f1o. Esto es, hasta el 30 de abril y luego en temporada invernal, entre el 1 de mayo y el 31 de octubre.<\/p>\n\n\n\n<p>El arancel a pagar cambia seg\u00fan la zona de acceso al Parque Aconcagua, categor\u00eda de visitantes, actividad a desarrollar y temporada. Aunque la brecha es de casi 50% entre lo que deber\u00e1 pagar el visitante extranjero en relaci\u00f3n con el argentino.<\/p>\n\n\n\n<p>As\u00ed, el escal\u00f3n m\u00e1s bajo en cuanto a montos le cabe a actividades sin pernocte, como el ingreso de visitantes a la Quebrada de Horcones para turismo en general (recreaci\u00f3n y observaci\u00f3n). Para acceder&nbsp;<strong>el p\u00fablico en general deber\u00e1 pagar $5.000 por d\u00eda<\/strong>&nbsp;sin derecho a acampar en el lugar.<\/p>\n\n\n\n<p>Practicar&nbsp;<strong>trekking<\/strong>&nbsp;<strong>diario<\/strong>&nbsp;(desde el 1 de noviembre al 30 de abril ), con consumo de agua potable y uso de ba\u00f1os, sin pernocte:<\/p>\n\n\n\n<p>Extranjero: $ 30.000<\/p>\n\n\n\n<p>Latinoamericano: $ 20.000<\/p>\n\n\n\n<p>Nacional: $ 15.000<\/p>\n\n\n\n<p>Mendocino: $ 10.000<\/p>\n\n\n\n<p>De acuerdo a algunos prestadores de servicios,\u00a0<strong>&#8220;hubo una marcha atr\u00e1s&#8221;<\/strong>. Es que inicialmente\u00a0<strong>se hab\u00eda notificado un incremento del 25% que luego se redujo<\/strong>\u00a0sustancialmente.<\/p>\n\n\n\n<h2 class=\"wp-block-heading\">El costo de subir el Aconcagua<\/h2>\n\n\n\n<p>A los mendocinos que busquen hacer cumbre en el mayor pico del continente americano les costar\u00e1 no menos de&nbsp;<strong>$55.000<\/strong>&nbsp;acceder.<\/p>\n\n\n\n<p>Es el arancel a pagar&nbsp;<strong>v\u00eda Quebrada Horcones durante el verano, que se duplica ($110 mil)<\/strong>&nbsp;en el caso de andinistas que lleguen desde otros puntos del pa\u00eds.<\/p>\n\n\n\n<p>Para acceder a trav\u00e9s de&nbsp;<strong>Punta de Vacas, los montos trepan a $70.000 y $135.000&nbsp;<\/strong>respectivamente.<\/p>\n\n\n\n<p>En d\u00f3lares, el costo para un andinista extranjero&nbsp;<strong>pas\u00f3 de U$S 800 a U$S 850<\/strong>&nbsp;aproximadamente.<\/p>\n\n\n\n<p>En tanto, hacer trekking tambi\u00e9n var\u00eda seg\u00fan el&nbsp;<strong>trayecto<\/strong>&nbsp;(corto o largo) y la<strong>&nbsp;duraci\u00f3n del permiso&nbsp;<\/strong>(hasta 3 d\u00edas).<\/p>\n\n\n\n<p>Por caso, quienes elijan esa actividad sin asistencia de empresas prestadoras del servicio durante la pr\u00f3xima temporada tendr\u00e1n que prever<strong>&nbsp;entre $30.000 y $80.000<\/strong>.<\/p>\n\n\n\n<p>Por el contrario, si optan por contratar una empresa, el costo de hacer trekking en el&nbsp;<strong>Parque Aconcagua<\/strong>&nbsp;se reduce a una franja que va de<strong>&nbsp;$20.000 a $60.000<\/strong>.<\/p>\n\n\n\n<p>En cuanto a&nbsp;<strong>servicios de rescate a\u00e9reo y asistencia m\u00e9dica,&nbsp;<\/strong>Ambiente confirm\u00f3 que &#8220;s\u00f3lo se brindar\u00e1 cobertura a los visitantes que ingresen entre el 1 de diciembre y 15 de febrero del a\u00f1o siguiente&#8221;.<\/p>\n\n\n\n<h2 class=\"wp-block-heading\">Alto riesgo y seguro de evacuaci\u00f3n<\/h2>\n\n\n\n<p>Para&nbsp;<strong>actividades de alto riesgo<\/strong>&nbsp;(parapente, esqu\u00ed en Glaciar de los Polacos, salto base, etc.) que se realicen fuera del per\u00edodo de cobertura,&nbsp;<strong>se deber\u00e1 contar con servicio de b\u00fasqueda y rescate<\/strong>. Esto, previa&nbsp;<strong>solicitud escrita a la Direcci\u00f3n<\/strong>&nbsp;de \u00c1reas Protegidas,&nbsp;<strong>con una antelaci\u00f3n de 15 d\u00edas<\/strong>&nbsp;para su revisi\u00f3n y aprobaci\u00f3n.<\/p>\n\n\n\n<p>Por otra parte, la exigencia incluye un&nbsp;<strong>seguro de evacuaci\u00f3n<\/strong>&nbsp;para quienes intenten el ascenso o el trekking largo &#8220;<strong>que cubra los costos operativos que pudiere demandar su eventual b\u00fasqueda y evacuaci\u00f3n<\/strong>, ya sea por razones m\u00e9dicas o por accidente, dentro del Parque Provincial Aconcagua&#8221;.<\/p>\n\n\n\n<p>En tal sentido, los permisos de&nbsp;<strong>Trekking Largo<\/strong>&nbsp;(hasta 7 d\u00edas de validez) autorizan el ascenso hasta el Campamento Nido de C\u00f3ndores, v\u00eda Horcones &#8211; Plaza de Mulas. Y s\u00f3lo&nbsp;<strong>hasta el 28 de febrero<\/strong>&nbsp;de cada a\u00f1o.<\/p>\n\n\n\n<h2 class=\"wp-block-heading\">Empresas prestadoras de servicios<\/h2>\n\n\n\n<p>Para las empresas que quieran desarrollar actividades comerciales en el Parque Aconcagua, la Direcci\u00f3n de Parques fij\u00f3 un c\u00e1non &#8220;a&nbsp;<strong>determinar en funci\u00f3n del n\u00famero de unidades de infraestructura instaladas<\/strong>&nbsp;por cada prestador en los distintos Campamentos Base y de Aproximaci\u00f3n&#8221;.<\/p>\n\n\n\n<p>Cada&nbsp;<strong>\u201cunidad de infraestructura\u201d<\/strong>&nbsp;estar\u00e1 conformada por&nbsp;<strong>una superficie de hasta 150 m2<\/strong>&nbsp;<strong>cubiertos<\/strong>&nbsp;por carpas de servicios. Esto es, gazebos, igl\u00faes-dormitorios, domos o algo similar.<\/p>\n\n\n\n<p>Los&nbsp;<strong>c\u00e1nones&nbsp;<\/strong>a pagar por las empresas la pr\u00f3xima temporada quedaron as\u00ed:<\/p>\n\n\n\n<ul>\n<li><strong>Prestaci\u00f3n de servicios al turismo general&nbsp;<\/strong>del Valle de Horcones a puente colgante<\/li>\n<\/ul>\n\n\n\n<p>Horcones, ingreso al Parque Aconcagua:&nbsp;<strong>U$S 330<\/strong><\/p>\n\n\n\n<p>Playa de estacionamiento interior:&nbsp;<strong>U$S 330<\/strong><\/p>\n\n\n\n<p>Horcones, Puente Colgante y Quebrada del Durazno&nbsp;<strong>U$S 330<\/strong><\/p>\n\n\n\n<ul>\n<li>&nbsp;Prestaci\u00f3n de&nbsp;<strong>servicios orientada a las actividades de Trekking<\/strong>&nbsp;Corto, Largo y Ascenso:<\/li>\n<\/ul>\n\n\n\n<p>Campamento Aproximaci\u00f3n Confluencia\/campamento base Plaza de Mulas:&nbsp;<strong>U$S 930<\/strong><\/p>\n\n\n\n<p><strong>Carpas de servicios o \u201cdomos\u201d<\/strong>\u00a0instalados en los campamentos de altura (m\u00e1s de 4.300 msnm):\u00a0<strong>U$S 1.100\u00a0<\/strong>por unidad<\/p>\n\n\n\n<p><strong>Fuente: www.diariouno.com.ar<\/strong><\/p>\n","protected":false},"excerpt":{"rendered":"<p>El viernes comienza la temporada estival del\u00a0Parque Provincial Aconcagua\u00a0con nuevas\u00a0tarifas\u00a0para los\u00a0andinistas. Valores que reflejan un fuerte\u00a0aumento\u00a0respecto a ciclo 2023-24, sobre todo para los\u00a0extranjeros\u00a0que busquen hacer cumbre en el pico m\u00e1s alto de Am\u00e9rica. &#8220;Previo a iniciar la temporada en el Parque Provincial Aconcagua se realiza una evaluaci\u00f3n econ\u00f3mica de\u00a0costos de operaci\u00f3n, ingreso de personas, atenci\u00f3n [&hellip;]<\/p>\n","protected":false},"author":2,"featured_media":9858,"comment_status":"open","ping_status":"open","sticky":false,"template":"","format":"standard","meta":[],"categories":[64],"tags":[],"_links":{"self":[{"href":"https:\/\/pasaenmendoza.com\/index.php?rest_route=\/wp\/v2\/posts\/9857"}],"collection":[{"href":"https:\/\/pasaenmendoza.com\/index.php?rest_route=\/wp\/v2\/posts"}],"about":[{"href":"https:\/\/pasaenmendoza.com\/index.php?rest_route=\/wp\/v2\/types\/post"}],"author":[{"embeddable":true,"href":"https:\/\/pasaenmendoza.com\/index.php?rest_route=\/wp\/v2\/users\/2"}],"replies":[{"embeddable":true,"href":"https:\/\/pasaenmendoza.com\/index.php?rest_route=%2Fwp%2Fv2%2Fcomments&post=9857"}],"version-history":[{"count":1,"href":"https:\/\/pasaenmendoza.com\/index.php?rest_route=\/wp\/v2\/posts\/9857\/revisions"}],"predecessor-version":[{"id":9859,"href":"https:\/\/pasaenmendoza.com\/index.php?rest_route=\/wp\/v2\/posts\/9857\/revisions\/9859"}],"wp:featuredmedia":[{"embeddable":true,"href":"https:\/\/pasaenmendoza.com\/index.php?rest_route=\/wp\/v2\/media\/9858"}],"wp:attachment":[{"href":"https:\/\/pasaenmendoza.com\/index.php?rest_route=%2Fwp%2Fv2%2Fmedia&parent=9857"}],"wp:term":[{"taxonomy":"category","embeddable":true,"href":"https:\/\/pasaenmendoza.com\/index.php?rest_route=%2Fwp%2Fv2%2Fcategories&post=9857"},{"taxonomy":"post_tag","embeddable":true,"href":"https:\/\/pasaenmendoza.com\/index.php?rest_route=%2Fwp%2Fv2%2Ftags&post=9857"}],"curies":[{"name":"wp","href":"https:\/\/api.w.org\/{rel}","templated":true}]}}