{"id":9860,"date":"2024-10-30T22:11:34","date_gmt":"2024-10-30T21:11:34","guid":{"rendered":"https:\/\/pasaenmendoza.com\/?p=9860"},"modified":"2024-10-30T22:11:35","modified_gmt":"2024-10-30T21:11:35","slug":"diputados-aprobo-el-impacto-ambiental-de-34-proyectos-mineros-en-malargue","status":"publish","type":"post","link":"https:\/\/pasaenmendoza.com\/?p=9860","title":{"rendered":"Diputados aprob\u00f3 el impacto ambiental de 34 proyectos mineros en Malarg\u00fce"},"content":{"rendered":"\n<p>La\u00a0<strong>C\u00e1mara de Diputados<\/strong>\u00a0le dio luz verde a 34 proyectos que pretenden desarrollar la\u00a0<strong>miner\u00eda<\/strong>\u00a0en Distrito\u00a0<strong>Malarg\u00fce<\/strong>\u00a0Occidental al aprobar la Declaraci\u00f3n de\u00a0<strong>Impacto Ambiental<\/strong>\u00a0(DIA), un paso necesario para avanzar.<\/p>\n\n\n\n<p>La media sanci\u00f3n se logr\u00f3 con 39 votos positivos, 5 negativos y 3 abstenciones. Resultado que el Gobierno festej\u00f3 como un logro en su af\u00e1n de impulsar la actividad en esa regi\u00f3n de la provincia de Mendoza.<\/p>\n\n\n\n<p>&#8220;Las DIA`s de los 34 proyectos a desarrollarse en el pol\u00edgono Malarg\u00fce Distrito Minero obtuvo media sanci\u00f3n con un amplio consenso de la mayor\u00eda de los espacios pol\u00edticos. Es el resultado de un proceso ordenado, exhaustivo y transparente&#8221; destac\u00f3 en su cuenta de la red social X la ministra de Ambiente, Energ\u00eda y Miner\u00eda, Jimena Latorre.<\/p>\n\n\n\n<p>Por su parte, el gobernador&nbsp;<strong>Alfredo Cornejo tambi\u00e9n celebr\u00f3 el consenso<\/strong>&nbsp;en la votaci\u00f3n de la C\u00e1mara de Diputados. Y<strong>&nbsp;dej\u00f3 un mensaje para la pr\u00f3xima instancia, donde el tr\u00e1mite deber\u00e1 ser tratado en el Senado<\/strong>&nbsp;para lograr aprobaci\u00f3n definitiva.<\/p>\n\n\n\n<p>Cornejo enfatiz\u00f3 su aspiraci\u00f3n de que &#8220;la C\u00e1mara de Senadores brinde su apoyo de la misma manera, permitiendo el inicio de las primeras exploraciones en MDMO (Malarg\u00fce Distrito Minero Occidental&#8221;.<\/p>\n\n\n\n<p><strong>Fuente: www.diariouno.com.ar<\/strong><\/p>\n","protected":false},"excerpt":{"rendered":"<p>La\u00a0C\u00e1mara de Diputados\u00a0le dio luz verde a 34 proyectos que pretenden desarrollar la\u00a0miner\u00eda\u00a0en Distrito\u00a0Malarg\u00fce\u00a0Occidental al aprobar la Declaraci\u00f3n de\u00a0Impacto Ambiental\u00a0(DIA), un paso necesario para avanzar. La media sanci\u00f3n se logr\u00f3 con 39 votos positivos, 5 negativos y 3 abstenciones. Resultado que el Gobierno festej\u00f3 como un logro en su af\u00e1n de impulsar la actividad en [&hellip;]<\/p>\n","protected":false},"author":2,"featured_media":9861,"comment_status":"open","ping_status":"open","sticky":false,"template":"","format":"standard","meta":[],"categories":[47],"tags":[],"_links":{"self":[{"href":"https:\/\/pasaenmendoza.com\/index.php?rest_route=\/wp\/v2\/posts\/9860"}],"collection":[{"href":"https:\/\/pasaenmendoza.com\/index.php?rest_route=\/wp\/v2\/posts"}],"about":[{"href":"https:\/\/pasaenmendoza.com\/index.php?rest_route=\/wp\/v2\/types\/post"}],"author":[{"embeddable":true,"href":"https:\/\/pasaenmendoza.com\/index.php?rest_route=\/wp\/v2\/users\/2"}],"replies":[{"embeddable":true,"href":"https:\/\/pasaenmendoza.com\/index.php?rest_route=%2Fwp%2Fv2%2Fcomments&post=9860"}],"version-history":[{"count":1,"href":"https:\/\/pasaenmendoza.com\/index.php?rest_route=\/wp\/v2\/posts\/9860\/revisions"}],"predecessor-version":[{"id":9862,"href":"https:\/\/pasaenmendoza.com\/index.php?rest_route=\/wp\/v2\/posts\/9860\/revisions\/9862"}],"wp:featuredmedia":[{"embeddable":true,"href":"https:\/\/pasaenmendoza.com\/index.php?rest_route=\/wp\/v2\/media\/9861"}],"wp:attachment":[{"href":"https:\/\/pasaenmendoza.com\/index.php?rest_route=%2Fwp%2Fv2%2Fmedia&parent=9860"}],"wp:term":[{"taxonomy":"category","embeddable":true,"href":"https:\/\/pasaenmendoza.com\/index.php?rest_route=%2Fwp%2Fv2%2Fcategories&post=9860"},{"taxonomy":"post_tag","embeddable":true,"href":"https:\/\/pasaenmendoza.com\/index.php?rest_route=%2Fwp%2Fv2%2Ftags&post=9860"}],"curies":[{"name":"wp","href":"https:\/\/api.w.org\/{rel}","templated":true}]}}