{"id":9866,"date":"2024-10-31T12:37:41","date_gmt":"2024-10-31T11:37:41","guid":{"rendered":"https:\/\/pasaenmendoza.com\/?p=9866"},"modified":"2024-10-31T12:37:42","modified_gmt":"2024-10-31T11:37:42","slug":"caluroso-y-con-tormentas-aisladas-asi-estara-el-tiempo-en-mendoza","status":"publish","type":"post","link":"https:\/\/pasaenmendoza.com\/?p=9866","title":{"rendered":"Caluroso y con tormentas aisladas: as\u00ed estar\u00e1 el tiempo en Mendoza"},"content":{"rendered":"\n<p>\u201cInestable,&nbsp;<strong>caluroso<\/strong>&nbsp;y con&nbsp;<strong>tormentas aisladas<\/strong>\u201c, es lo que indica la Direcci\u00f3n de Contingencias Clim\u00e1ticas para este&nbsp;<strong>jueves,<\/strong>&nbsp;en el Gran Mendoza.&nbsp;<strong>La m\u00ednima ser\u00e1 de 18 grados y la m\u00e1xima de 32.<\/strong><\/p>\n\n\n\n<p>Adem\u00e1s, est\u00e1 pronosticado&nbsp;<strong>leve descenso de la temperatura<\/strong>, vientos moderados del sector sur y cielo parcialmente nublado en cordillera.<\/p>\n\n\n\n<p>Para el\u00a0<strong>viernes\u00a0<\/strong>se prev\u00e9: \u201cCaluroso con nubosidad variable y tormentas aisladas hacia la noche. Zonda en Precordillera y Malarg\u00fce. Precipitaciones en cordillera\u201d.\u00a0<strong>La m\u00ednima ser\u00e1 de 19 grados y la m\u00e1xima de 36.<\/strong><\/p>\n\n\n\n<p>En tanto, para el\u00a0<strong>s\u00e1bado<\/strong>\u00a0est\u00e1 anunciado cielo parcialmente nublado y ventoso con descenso de la temperatura, vientos moderados del sector sur. Algo nublado en cordillera. Ingreso de sistema frontal.\u00a0<strong>La m\u00ednima ser\u00e1 de 16 grados y la m\u00e1xima de 25.<\/strong><\/p>\n\n\n\n<p><strong>Fuente: www.elsol.com.ar<\/strong><\/p>\n","protected":false},"excerpt":{"rendered":"<p>\u201cInestable,&nbsp;caluroso&nbsp;y con&nbsp;tormentas aisladas\u201c, es lo que indica la Direcci\u00f3n de Contingencias Clim\u00e1ticas para este&nbsp;jueves,&nbsp;en el Gran Mendoza.&nbsp;La m\u00ednima ser\u00e1 de 18 grados y la m\u00e1xima de 32. Adem\u00e1s, est\u00e1 pronosticado&nbsp;leve descenso de la temperatura, vientos moderados del sector sur y cielo parcialmente nublado en cordillera. Para el\u00a0viernes\u00a0se prev\u00e9: \u201cCaluroso con nubosidad variable y tormentas aisladas [&hellip;]<\/p>\n","protected":false},"author":2,"featured_media":9867,"comment_status":"open","ping_status":"open","sticky":false,"template":"","format":"standard","meta":[],"categories":[52],"tags":[],"_links":{"self":[{"href":"https:\/\/pasaenmendoza.com\/index.php?rest_route=\/wp\/v2\/posts\/9866"}],"collection":[{"href":"https:\/\/pasaenmendoza.com\/index.php?rest_route=\/wp\/v2\/posts"}],"about":[{"href":"https:\/\/pasaenmendoza.com\/index.php?rest_route=\/wp\/v2\/types\/post"}],"author":[{"embeddable":true,"href":"https:\/\/pasaenmendoza.com\/index.php?rest_route=\/wp\/v2\/users\/2"}],"replies":[{"embeddable":true,"href":"https:\/\/pasaenmendoza.com\/index.php?rest_route=%2Fwp%2Fv2%2Fcomments&post=9866"}],"version-history":[{"count":1,"href":"https:\/\/pasaenmendoza.com\/index.php?rest_route=\/wp\/v2\/posts\/9866\/revisions"}],"predecessor-version":[{"id":9868,"href":"https:\/\/pasaenmendoza.com\/index.php?rest_route=\/wp\/v2\/posts\/9866\/revisions\/9868"}],"wp:featuredmedia":[{"embeddable":true,"href":"https:\/\/pasaenmendoza.com\/index.php?rest_route=\/wp\/v2\/media\/9867"}],"wp:attachment":[{"href":"https:\/\/pasaenmendoza.com\/index.php?rest_route=%2Fwp%2Fv2%2Fmedia&parent=9866"}],"wp:term":[{"taxonomy":"category","embeddable":true,"href":"https:\/\/pasaenmendoza.com\/index.php?rest_route=%2Fwp%2Fv2%2Fcategories&post=9866"},{"taxonomy":"post_tag","embeddable":true,"href":"https:\/\/pasaenmendoza.com\/index.php?rest_route=%2Fwp%2Fv2%2Ftags&post=9866"}],"curies":[{"name":"wp","href":"https:\/\/api.w.org\/{rel}","templated":true}]}}