{"id":9869,"date":"2024-10-31T14:24:28","date_gmt":"2024-10-31T13:24:28","guid":{"rendered":"https:\/\/pasaenmendoza.com\/?p=9869"},"modified":"2024-10-31T14:24:30","modified_gmt":"2024-10-31T13:24:30","slug":"cayo-un-docente-denunciado-por-abusar-de-sus-alumnas-en-una-escuela-primaria-de-guaymallen","status":"publish","type":"post","link":"https:\/\/pasaenmendoza.com\/?p=9869","title":{"rendered":"Cay\u00f3 un docente denunciado por abusar de sus alumnas en una escuela primaria de Guaymall\u00e9n"},"content":{"rendered":"\n<p>Un caso de&nbsp;<strong>abuso sexual&nbsp;<\/strong>sacudi\u00f3 este mi\u00e9rcoles a la comunidad educativa de la escuela&nbsp;<strong>N\u00ba 1-482 Tomas Alva Edison<\/strong>&nbsp;del&nbsp;<strong>barrio Santa Ana<\/strong>&nbsp;de&nbsp;<strong>Guaymall\u00e9n<\/strong>. Cinco alumnas denunciaron que, en varias oportunidades,&nbsp;<strong>un docente las manoseo en sus partes \u00edntimas<\/strong>. Por ese motivo, el educador fue&nbsp;<strong>detenido&nbsp;<\/strong>y qued\u00f3 a disposici\u00f3n de la Justicia.<\/p>\n\n\n\n<p>El sospechoso, quien se desempe\u00f1a como<strong>\u00a0profesor de Matem\u00e1tica y Ciencias Naturales<\/strong>, de 59 a\u00f1os, qued\u00f3 comprometido por las versiones que plasmaron las estudiantes de entre 10 y 11 a\u00f1os, que asisten al quinto grado de la instituci\u00f3n localizada en\u00a0<strong>calle Fader\u00a0<\/strong>del distrito\u00a0<strong>Capilla del Rosario<\/strong>.<\/p>\n\n\n\n<p>Las v\u00edctimas decidieron relatar en la Direcci\u00f3n de la escuela la situaci\u00f3n que ven\u00edan padeciendo desde hace tiempo, motivo por el que se activ\u00f3 el protocolo para ese tipo de casos y se alert\u00f3 a las autoridades judiciales correspondientes.<\/p>\n\n\n\n<p>Posteriormente, polic\u00edas se dirigieron hasta el establecimiento y aprehendieron al maestro, quien fue trasladado hasta la&nbsp;<strong>Comisar\u00eda 25\u00aa de San Jos\u00e9<\/strong>, donde qued\u00f3 tras las rejas a la espera de que se resuelva su situaci\u00f3n procesal.<\/p>\n\n\n\n<p>En la causa tom\u00f3 intervenci\u00f3n la<strong>\u00a0fiscal de Delitos Contra la Integridad Sexual Virginia Rumbo<\/strong>, quien comenz\u00f3 a recepcionar testimonios para avanzar en la causa.<\/p>\n\n\n\n<h2 class=\"wp-block-heading\" id=\"h-en-plena-clase\">En plena clase<\/h2>\n\n\n\n<p>Fuentes allegadas la investigaci\u00f3n revelaron que el modus operandi del docente denunciado consist\u00eda en concretar tocamientos a sus alumnas durante el desarrollo de las clases.<\/p>\n\n\n\n<p>Una de las alumnas denunciantes relat\u00f3 que, en una ocasi\u00f3n, el profesor&nbsp;<em>\u201cla abraz\u00f3 y le toc\u00f3 los pechos\u201d<\/em>. Mientras que otras v\u00edctimas afirmaron que aprovechaba para&nbsp;<mark>manosearlas en la cola o el muslo, cada vez que se acercaban a su pupitre y le ped\u00edan pedirle permiso para ir al ba\u00f1o<\/mark>.<\/p>\n\n\n\n<p>La informaci\u00f3n sostiene que desde hace algunos d\u00edas las alumnas afectadas comenzaron a advertir que varias de ellas fueron blanco de los&nbsp;<strong>abusos sexuales<\/strong>&nbsp;por parte del docente, motivo por el que decidieron acudir este mi\u00e9rcoles a las autoridades.<\/p>\n\n\n\n<p>A partir de eso, agrega, tambi\u00e9n se le dio aviso a los padres de las ni\u00f1as, quienes no hab\u00edan tomado conocimiento sobre la situaci\u00f3n por parte de sus hijas.<\/p>\n\n\n\n<p>En los pr\u00f3ximos d\u00edas las menores ser\u00e1n citadas para un abordaje mediante<strong>\u00a0c\u00e1mara Gesell<\/strong>, medida que ser\u00e1 clave para el futuro de la investigaci\u00f3n y la situaci\u00f3n del educador detenido.<\/p>\n\n\n\n<p><strong>Fuente: www.elsol.com.ar<\/strong><\/p>\n","protected":false},"excerpt":{"rendered":"<p>Un caso de&nbsp;abuso sexual&nbsp;sacudi\u00f3 este mi\u00e9rcoles a la comunidad educativa de la escuela&nbsp;N\u00ba 1-482 Tomas Alva Edison&nbsp;del&nbsp;barrio Santa Ana&nbsp;de&nbsp;Guaymall\u00e9n. Cinco alumnas denunciaron que, en varias oportunidades,&nbsp;un docente las manoseo en sus partes \u00edntimas. Por ese motivo, el educador fue&nbsp;detenido&nbsp;y qued\u00f3 a disposici\u00f3n de la Justicia. El sospechoso, quien se desempe\u00f1a como\u00a0profesor de Matem\u00e1tica y Ciencias [&hellip;]<\/p>\n","protected":false},"author":2,"featured_media":9870,"comment_status":"open","ping_status":"open","sticky":false,"template":"","format":"standard","meta":[],"categories":[48],"tags":[],"_links":{"self":[{"href":"https:\/\/pasaenmendoza.com\/index.php?rest_route=\/wp\/v2\/posts\/9869"}],"collection":[{"href":"https:\/\/pasaenmendoza.com\/index.php?rest_route=\/wp\/v2\/posts"}],"about":[{"href":"https:\/\/pasaenmendoza.com\/index.php?rest_route=\/wp\/v2\/types\/post"}],"author":[{"embeddable":true,"href":"https:\/\/pasaenmendoza.com\/index.php?rest_route=\/wp\/v2\/users\/2"}],"replies":[{"embeddable":true,"href":"https:\/\/pasaenmendoza.com\/index.php?rest_route=%2Fwp%2Fv2%2Fcomments&post=9869"}],"version-history":[{"count":1,"href":"https:\/\/pasaenmendoza.com\/index.php?rest_route=\/wp\/v2\/posts\/9869\/revisions"}],"predecessor-version":[{"id":9871,"href":"https:\/\/pasaenmendoza.com\/index.php?rest_route=\/wp\/v2\/posts\/9869\/revisions\/9871"}],"wp:featuredmedia":[{"embeddable":true,"href":"https:\/\/pasaenmendoza.com\/index.php?rest_route=\/wp\/v2\/media\/9870"}],"wp:attachment":[{"href":"https:\/\/pasaenmendoza.com\/index.php?rest_route=%2Fwp%2Fv2%2Fmedia&parent=9869"}],"wp:term":[{"taxonomy":"category","embeddable":true,"href":"https:\/\/pasaenmendoza.com\/index.php?rest_route=%2Fwp%2Fv2%2Fcategories&post=9869"},{"taxonomy":"post_tag","embeddable":true,"href":"https:\/\/pasaenmendoza.com\/index.php?rest_route=%2Fwp%2Fv2%2Ftags&post=9869"}],"curies":[{"name":"wp","href":"https:\/\/api.w.org\/{rel}","templated":true}]}}