{"id":9872,"date":"2024-10-31T14:34:18","date_gmt":"2024-10-31T13:34:18","guid":{"rendered":"https:\/\/pasaenmendoza.com\/?p=9872"},"modified":"2024-10-31T14:34:20","modified_gmt":"2024-10-31T13:34:20","slug":"una-mujer-de-82-anos-le-disparo-a-su-hijo-autista-porque-ya-no-lo-puede-cuidar","status":"publish","type":"post","link":"https:\/\/pasaenmendoza.com\/?p=9872","title":{"rendered":"Una mujer de 82 a\u00f1os le dispar\u00f3 a su hijo autista porque \u201cya no lo puede cuidar\u201d"},"content":{"rendered":"\n<p>Una mujer de 82 a\u00f1os atac\u00f3 a disparos a su hijo la tarde de este mi\u00e9rcoles en una vivienda de&nbsp;<strong>Dorrego<\/strong>,&nbsp;<strong>Guaymall\u00e9n<\/strong>. El hombre, que presenta<strong>&nbsp;trastorno del espectro autista&nbsp;<\/strong>(<strong>TEA<\/strong>), fue internado en el&nbsp;<strong>Hospital Central.<\/strong><\/p>\n\n\n\n<p>La informaci\u00f3n a la que accedi\u00f3<strong><em>&nbsp;El Sol<\/em><\/strong>&nbsp;sostiene que todo ocurri\u00f3 alrededor de las 14 en un domicilio de&nbsp;<strong>calle Pedro Vargas<\/strong>, donde la v\u00edctima, identificada como&nbsp;<strong>Vicente Eugenio Mazziotti<\/strong>&nbsp;(<strong>52<\/strong>), reside junto a su madre.<\/p>\n\n\n\n<p>Las fuentes policiales agregaron que la octogenaria tom\u00f3 un\u00a0<strong>rev\u00f3lver calibre 22\u00a0<\/strong>y le dispar\u00f3 a su hijo, quien recibi\u00f3 dos impactos de bala: uno a la altura de la sien y otro en el abdomen.<\/p>\n\n\n\n<p>Los primeros efectivos que llegaron a la escena dieron con el arma de fuego empleada por la mujer, la cual fue secuestrada. Mientras que la v\u00edctima fue trasladada en una ambulancia del&nbsp;<strong>Servicio de Emergencias Coordinado<\/strong>&nbsp;(<strong>SEC<\/strong>) al mencionado nosocomio de&nbsp;<strong>Ciudad<\/strong>.<\/p>\n\n\n\n<p>De acuerdo con las averiguaciones practicadas en el teatro del hecho,&nbsp;<mark>la jubilada considera que ya no se encuentra en condiciones de cuidar a su hijo, por lo que decidi\u00f3 dispararle<\/mark>. Sin embargo, no se descartaban otras hip\u00f3tesis.<\/p>\n\n\n\n<p>En el lugar trabaj\u00f3\u00a0<strong>personal de Investigaciones y la Polic\u00eda Cient\u00edfica<\/strong>, bajo las directivas del\u00a0<strong>fiscal de Homicidios Carlos Torres<\/strong>, quien tom\u00f3 intervenci\u00f3n en la causa.<\/p>\n\n\n\n<p>Por su parte, la madre de la v\u00edctima fue trasladada a una dependencia de la jurisdicci\u00f3n, donde aguardaba que el representante del Ministerio P\u00fablico definiera su situaci\u00f3n procesal.<\/p>\n\n\n\n<p><strong>Fuente: www.elsol.com.ar<\/strong><\/p>\n","protected":false},"excerpt":{"rendered":"<p>Una mujer de 82 a\u00f1os atac\u00f3 a disparos a su hijo la tarde de este mi\u00e9rcoles en una vivienda de&nbsp;Dorrego,&nbsp;Guaymall\u00e9n. El hombre, que presenta&nbsp;trastorno del espectro autista&nbsp;(TEA), fue internado en el&nbsp;Hospital Central. La informaci\u00f3n a la que accedi\u00f3&nbsp;El Sol&nbsp;sostiene que todo ocurri\u00f3 alrededor de las 14 en un domicilio de&nbsp;calle Pedro Vargas, donde la v\u00edctima, [&hellip;]<\/p>\n","protected":false},"author":2,"featured_media":9873,"comment_status":"open","ping_status":"open","sticky":false,"template":"","format":"standard","meta":[],"categories":[48],"tags":[],"_links":{"self":[{"href":"https:\/\/pasaenmendoza.com\/index.php?rest_route=\/wp\/v2\/posts\/9872"}],"collection":[{"href":"https:\/\/pasaenmendoza.com\/index.php?rest_route=\/wp\/v2\/posts"}],"about":[{"href":"https:\/\/pasaenmendoza.com\/index.php?rest_route=\/wp\/v2\/types\/post"}],"author":[{"embeddable":true,"href":"https:\/\/pasaenmendoza.com\/index.php?rest_route=\/wp\/v2\/users\/2"}],"replies":[{"embeddable":true,"href":"https:\/\/pasaenmendoza.com\/index.php?rest_route=%2Fwp%2Fv2%2Fcomments&post=9872"}],"version-history":[{"count":1,"href":"https:\/\/pasaenmendoza.com\/index.php?rest_route=\/wp\/v2\/posts\/9872\/revisions"}],"predecessor-version":[{"id":9874,"href":"https:\/\/pasaenmendoza.com\/index.php?rest_route=\/wp\/v2\/posts\/9872\/revisions\/9874"}],"wp:featuredmedia":[{"embeddable":true,"href":"https:\/\/pasaenmendoza.com\/index.php?rest_route=\/wp\/v2\/media\/9873"}],"wp:attachment":[{"href":"https:\/\/pasaenmendoza.com\/index.php?rest_route=%2Fwp%2Fv2%2Fmedia&parent=9872"}],"wp:term":[{"taxonomy":"category","embeddable":true,"href":"https:\/\/pasaenmendoza.com\/index.php?rest_route=%2Fwp%2Fv2%2Fcategories&post=9872"},{"taxonomy":"post_tag","embeddable":true,"href":"https:\/\/pasaenmendoza.com\/index.php?rest_route=%2Fwp%2Fv2%2Ftags&post=9872"}],"curies":[{"name":"wp","href":"https:\/\/api.w.org\/{rel}","templated":true}]}}