{"id":9875,"date":"2024-10-31T21:16:09","date_gmt":"2024-10-31T20:16:09","guid":{"rendered":"https:\/\/pasaenmendoza.com\/?p=9875"},"modified":"2024-10-31T21:16:10","modified_gmt":"2024-10-31T20:16:10","slug":"dia-clave-para-la-venta-de-impsa-se-conocen-los-interesados-en-comprarla","status":"publish","type":"post","link":"https:\/\/pasaenmendoza.com\/?p=9875","title":{"rendered":"D\u00eda clave para la venta de Impsa: se conocen los interesados en comprarla"},"content":{"rendered":"\n<p>El proceso de venta de\u00a0acciones estatales de Impsa\u00a0tendr\u00e1 un cap\u00edtulo trascendental este jueves por la tarde, cuando las autoridades del Ministerio de Econom\u00eda de la Naci\u00f3n abran los sobres de las empresas interesadas en adquirir la emblem\u00e1tica firma mendocina.<\/p>\n\n\n\n<p>Seg\u00fan trascendi\u00f3, al menos una decena de compa\u00f1\u00edas\u00a0compraron el pliego de la licitaci\u00f3n internacional\u00a0(ten\u00eda un valor simb\u00f3lico de $1.000), lo que no significa que finalmente todas ellas presenten una oferta para quedarse con Impsa.<\/p>\n\n\n\n<p>El primer grupo interesado fue el estadounidense ARC Energy, que ofreci\u00f3 una capitalizaci\u00f3n inicial de 30 millones de d\u00f3lares. Pero, seg\u00fan anticip\u00f3 Diego Chaher, el secretario de Empresas y Sociedades del Estado, tambi\u00e9n entrar\u00edan en la puja empresas europeas, chinas y brasile\u00f1as.<\/p>\n\n\n\n<p>El funcionario mendocino, responsable de las privatizaciones de la gesti\u00f3n de Javier Milei, destac\u00f3 el trabajo para armar en poco tiempo el pliego y lanzar la licitaci\u00f3n internacional. \u201cTiene que volver a manos privadas, con un grupo inversor que tenga volumen internacional. No sirve con obras locales\u201d.<\/p>\n\n\n\n<p>El proceso organizado por el Ministerio de Econom\u00eda, a trav\u00e9s de la secretar\u00eda de Coordinaci\u00f3n de Producci\u00f3n que conduce Juan Alberto Pazo, abri\u00f3 el 1 de octubre. En tanto, el plazo para presentar las ofertas cerrar\u00e1 este jueves a las 16. Una hora m\u00e1s tarde, en un edificio ubicado en Avenida Presidente Julio A. Roca 651 de la Ciudad Aut\u00f3noma de Buenos Aires, se realizar\u00e1 la apertura de sobres.<\/p>\n\n\n\n<h2 class=\"wp-block-heading\" id=\"h-compra-y-venta-de-impsa\">Compra y venta de Impsa<\/h2>\n\n\n\n<p>A mediados de 2021, en medio de una profunda crisis financiera, la exPescarmona tuvo que ser rescatada por los gobiernos de Alberto Fern\u00e1ndez y Rodolfo Suarez, que la capitalizaron con 15 y 5 millones de d\u00f3lares, respectivamente. Y si bien mantuvo su estatus de sociedad an\u00f3nima, pas\u00f3 a ser una empresa de mayor\u00eda accionaria estatal.<\/p>\n\n\n\n<p>Con la llegada de Javier Milei y Alfredo Cornejo al poder, el clima de negocios cambi\u00f3. As\u00ed fue que el Estado nacional, a trav\u00e9s del Fondo Nacional de Desarrollo Productivo (Fondep), y la provincia de Mendoza, que poseen en conjunto el 84,9% del capital social, pusieron a la venta oficialmente la totalidad de sus acciones clase C de Impsa. El 15,1% restante qued\u00f3 en manos de privados: el fideicomiso de acreedores retuvo el 9,8% y la familia fundadora mantuvo el 5,3%.<\/p>\n\n\n\n<p>\u201cFondep y la Provincia de Mendoza llaman a Licitaci\u00f3n para la adquisici\u00f3n de la totalidad de las acciones clase \u201cC\u201d de Impsa SA representativas del 84,9% del capital social (el 63,7% del capital social, representado en 1.362.479.300 cantidad de acciones, pertenece al Fondep, y el 21,2% del capital social, representado en 453.446.800 cantidad de acciones, pertenece a la Provincia de Mendoza) y sus correspondientes derechos de voto y derechos pol\u00edticos\u201d, fue el aviso publicado en el Bolet\u00edn Oficial de la Naci\u00f3n.<\/p>\n\n\n\n<p>Si bien Mendoza es socia de Impsa, el proceso de venta lo dej\u00f3 completamente en manos de la Naci\u00f3n. Inclusive el cargo que le corresponde en el directorio de la empresa como accionista lo cedi\u00f3 para que la administraci\u00f3n de Milei eligiera otro representante. La responsabilidad recay\u00f3 en Luciano Masn\u00fa, un abogado corporativo cercano a Chaher.<\/p>\n\n\n\n<p>El \u00faltimo paso que dio la gesti\u00f3n de Alfredo Cornejo en procura de la venta de acciones fue la aprobaci\u00f3n legislativa para vender el 21,2% de las acciones que posee la provincia.<\/p>\n\n\n\n<p>Funcionarios locales destacaron durante todo el proceso privatizador que el principal objetivo es conseguir un comprador que inyecte recursos a la empresa y renegocie su millonaria deuda, dejando en un segundo plano la posibilidad de recuperar aquella inversi\u00f3n inicial.<\/p>\n\n\n\n<p><strong>Fuente: www.elsol.com.ar<\/strong><\/p>\n","protected":false},"excerpt":{"rendered":"<p>El proceso de venta de\u00a0acciones estatales de Impsa\u00a0tendr\u00e1 un cap\u00edtulo trascendental este jueves por la tarde, cuando las autoridades del Ministerio de Econom\u00eda de la Naci\u00f3n abran los sobres de las empresas interesadas en adquirir la emblem\u00e1tica firma mendocina. Seg\u00fan trascendi\u00f3, al menos una decena de compa\u00f1\u00edas\u00a0compraron el pliego de la licitaci\u00f3n internacional\u00a0(ten\u00eda un valor [&hellip;]<\/p>\n","protected":false},"author":2,"featured_media":9876,"comment_status":"open","ping_status":"open","sticky":false,"template":"","format":"standard","meta":[],"categories":[47],"tags":[],"_links":{"self":[{"href":"https:\/\/pasaenmendoza.com\/index.php?rest_route=\/wp\/v2\/posts\/9875"}],"collection":[{"href":"https:\/\/pasaenmendoza.com\/index.php?rest_route=\/wp\/v2\/posts"}],"about":[{"href":"https:\/\/pasaenmendoza.com\/index.php?rest_route=\/wp\/v2\/types\/post"}],"author":[{"embeddable":true,"href":"https:\/\/pasaenmendoza.com\/index.php?rest_route=\/wp\/v2\/users\/2"}],"replies":[{"embeddable":true,"href":"https:\/\/pasaenmendoza.com\/index.php?rest_route=%2Fwp%2Fv2%2Fcomments&post=9875"}],"version-history":[{"count":1,"href":"https:\/\/pasaenmendoza.com\/index.php?rest_route=\/wp\/v2\/posts\/9875\/revisions"}],"predecessor-version":[{"id":9877,"href":"https:\/\/pasaenmendoza.com\/index.php?rest_route=\/wp\/v2\/posts\/9875\/revisions\/9877"}],"wp:featuredmedia":[{"embeddable":true,"href":"https:\/\/pasaenmendoza.com\/index.php?rest_route=\/wp\/v2\/media\/9876"}],"wp:attachment":[{"href":"https:\/\/pasaenmendoza.com\/index.php?rest_route=%2Fwp%2Fv2%2Fmedia&parent=9875"}],"wp:term":[{"taxonomy":"category","embeddable":true,"href":"https:\/\/pasaenmendoza.com\/index.php?rest_route=%2Fwp%2Fv2%2Fcategories&post=9875"},{"taxonomy":"post_tag","embeddable":true,"href":"https:\/\/pasaenmendoza.com\/index.php?rest_route=%2Fwp%2Fv2%2Ftags&post=9875"}],"curies":[{"name":"wp","href":"https:\/\/api.w.org\/{rel}","templated":true}]}}