{"id":9878,"date":"2024-10-31T21:19:52","date_gmt":"2024-10-31T20:19:52","guid":{"rendered":"https:\/\/pasaenmendoza.com\/?p=9878"},"modified":"2024-10-31T21:19:53","modified_gmt":"2024-10-31T20:19:53","slug":"desde-este-viernes-el-estacionamiento-sera-mas-caro-en-el-centro-de-mendoza","status":"publish","type":"post","link":"https:\/\/pasaenmendoza.com\/?p=9878","title":{"rendered":"Desde este viernes el estacionamiento ser\u00e1 m\u00e1s caro en el centro de Mendoza"},"content":{"rendered":"\n<p>La\u00a0<strong>Municipalidad de la Ciudad de Mendoza<\/strong>\u00a0dispuso una nueva tarifa para el\u00a0<strong>Estacionamiento Medido<\/strong>\u00a0a partir del 1 de noviembre. La media hora costar\u00e1 $300.<\/p>\n\n\n\n<p>Los nuevos valores se publicaron este viernes en el&nbsp;<strong>Bolet\u00edn Oficial<\/strong>, conforme a la actualizaci\u00f3n de los costos del servicio, que van destinados a un&nbsp;<strong>Programa social para la inserci\u00f3n laboral de personas vulnerables<\/strong>.<\/p>\n\n\n\n<p>Los tarjeteros compran las<strong>\u00a0cartillas\u00a0<\/strong>a la Municipalidad y luego las venden en las calles con ese sistema. En general se trata de las arterias neur\u00e1lgicas de Mendoza.<\/p>\n\n\n\n<h2 class=\"wp-block-heading\"><strong>El aumento del Estacionamiento Medido en la Ciudad<\/strong><\/h2>\n\n\n\n<figure class=\"wp-block-image is-resized\"><img decoding=\"async\" loading=\"lazy\" src=\"https:\/\/media.diariouno.com.ar\/p\/70b7add9058b3c2166592bdb90a49fe0\/adjuntos\/298\/imagenes\/009\/434\/0009434582\/1200x0\/smart\/estacionamiento-medido-ciudad-mendoza.jpg\" alt=\"\" width=\"1068\" height=\"678\" title=\"\"\/><\/figure>\n\n\n\n<p><strong>Fuente: www.diariouno.com.ar<\/strong><\/p>\n","protected":false},"excerpt":{"rendered":"<p>La\u00a0Municipalidad de la Ciudad de Mendoza\u00a0dispuso una nueva tarifa para el\u00a0Estacionamiento Medido\u00a0a partir del 1 de noviembre. La media hora costar\u00e1 $300. Los nuevos valores se publicaron este viernes en el&nbsp;Bolet\u00edn Oficial, conforme a la actualizaci\u00f3n de los costos del servicio, que van destinados a un&nbsp;Programa social para la inserci\u00f3n laboral de personas vulnerables. Los [&hellip;]<\/p>\n","protected":false},"author":2,"featured_media":9879,"comment_status":"open","ping_status":"open","sticky":false,"template":"","format":"standard","meta":[],"categories":[79],"tags":[],"_links":{"self":[{"href":"https:\/\/pasaenmendoza.com\/index.php?rest_route=\/wp\/v2\/posts\/9878"}],"collection":[{"href":"https:\/\/pasaenmendoza.com\/index.php?rest_route=\/wp\/v2\/posts"}],"about":[{"href":"https:\/\/pasaenmendoza.com\/index.php?rest_route=\/wp\/v2\/types\/post"}],"author":[{"embeddable":true,"href":"https:\/\/pasaenmendoza.com\/index.php?rest_route=\/wp\/v2\/users\/2"}],"replies":[{"embeddable":true,"href":"https:\/\/pasaenmendoza.com\/index.php?rest_route=%2Fwp%2Fv2%2Fcomments&post=9878"}],"version-history":[{"count":1,"href":"https:\/\/pasaenmendoza.com\/index.php?rest_route=\/wp\/v2\/posts\/9878\/revisions"}],"predecessor-version":[{"id":9880,"href":"https:\/\/pasaenmendoza.com\/index.php?rest_route=\/wp\/v2\/posts\/9878\/revisions\/9880"}],"wp:featuredmedia":[{"embeddable":true,"href":"https:\/\/pasaenmendoza.com\/index.php?rest_route=\/wp\/v2\/media\/9879"}],"wp:attachment":[{"href":"https:\/\/pasaenmendoza.com\/index.php?rest_route=%2Fwp%2Fv2%2Fmedia&parent=9878"}],"wp:term":[{"taxonomy":"category","embeddable":true,"href":"https:\/\/pasaenmendoza.com\/index.php?rest_route=%2Fwp%2Fv2%2Fcategories&post=9878"},{"taxonomy":"post_tag","embeddable":true,"href":"https:\/\/pasaenmendoza.com\/index.php?rest_route=%2Fwp%2Fv2%2Ftags&post=9878"}],"curies":[{"name":"wp","href":"https:\/\/api.w.org\/{rel}","templated":true}]}}