{"id":9884,"date":"2024-10-31T21:37:49","date_gmt":"2024-10-31T20:37:49","guid":{"rendered":"https:\/\/pasaenmendoza.com\/?p=9884"},"modified":"2024-10-31T21:38:30","modified_gmt":"2024-10-31T20:38:30","slug":"cornejo-cruzo-a-milei-por-asociar-a-alfonsin-con-los-golpes-de-estado","status":"publish","type":"post","link":"https:\/\/pasaenmendoza.com\/?p=9884","title":{"rendered":"Cornejo cruz\u00f3 a Milei por asociar a Alfons\u00edn con los golpes de Estado"},"content":{"rendered":"\n<p>&#8220;Decir que hubo un&nbsp;<strong>golpe de Estado<\/strong>&nbsp;en el 2001 decididamente no es cierto. El golpe de Estado fue en 1976 y durante el gobierno de&nbsp;<strong>Ra\u00fal Alfons\u00edn<\/strong>&nbsp;se juzg\u00f3 las juntas militares. O sea, cambiar as\u00ed la historia es lo mismo que quiere hacer el kirchnerismo&#8221;, expres\u00f3 el gobernador&nbsp;<strong>Alfredo Cornejo<\/strong>&nbsp;este jueves.<\/p>\n\n\n\n<p>De esta manera&nbsp;<strong>le respondi\u00f3 al presidente Javier Milei<\/strong>, quien horas antes hab\u00eda cuestionado el legado hist\u00f3rico de Alfons\u00edn y lo hab\u00eda asociado con el proceso social y pol\u00edtico que termin\u00f3 con el gobierno de&nbsp;<strong>Fernando De la R\u00faa<\/strong>&nbsp;en&nbsp;<strong>diciembre de 2001<\/strong>.<\/p>\n\n\n\n<p>Para Milei,<strong>&nbsp;Alfons\u00edn particip\u00f3 de una conspiraci\u00f3n&nbsp;<\/strong>para que su correligionario De la R\u00faa dejara el sill\u00f3n de Rivadavia.<\/p>\n\n\n\n<p>Cornejo opina distinto: &#8220;La discusi\u00f3n sobre el pasado creo que le aburre a buena parte de los argentinos.&nbsp;<strong>Pero debe ser fiel a la verdad<\/strong>. Lo que me entusiasma m\u00e1s a m\u00ed es la discusi\u00f3n a futuro; que podamos tener soluciones para los temas econ\u00f3micos, que podamos tener soluciones para las dificultades para el deterioro social que tiene la Argentina&#8221;.<\/p>\n\n\n\n<h2 class=\"wp-block-heading\">La obra inaugurada<\/h2>\n\n\n\n<p>Cornejo emiti\u00f3 estas palabras durante la&nbsp;<strong>inauguraci\u00f3n de los accesos y el puente sobre el Arroyo Claro<\/strong>, ubicado en la Ruta Provincial 14 y R\u00edo Mendoza, en<strong>&nbsp;Maip\u00fa<\/strong>.<\/p>\n\n\n\n<p>&#8220;Esta es la \u00faltima etapa de una obra trascendente que optimiza la conexi\u00f3n con la Ruta Provincial 61, que&nbsp;<strong>vincula a Maip\u00fa y Luj\u00e1n con el departamento de Jun\u00edn y la zona Este<\/strong>, y que tambi\u00e9n ofrece un acceso directo hacia el dique El Carrizal&#8221;, defini\u00f3 el mandatario.<\/p>\n\n\n\n<p>En este&nbsp;<strong>punto estrat\u00e9gico<\/strong>, circulan diariamente aproximadamente 1.076 veh\u00edculos, lo que facilita el movimiento en una regi\u00f3n conocida por su producci\u00f3n de vinos y espumantes, adem\u00e1s de albergar emprendimientos gastron\u00f3micos. Asimismo, es un \u00e1rea clave para la extracci\u00f3n de petr\u00f3leo y \u00e1ridos, materias primas esenciales para la industria de la construcci\u00f3n.<\/p>\n\n\n\n<p><strong>Fuente: www.diariouno.com.ar<\/strong><\/p>\n","protected":false},"excerpt":{"rendered":"<p>&#8220;Decir que hubo un&nbsp;golpe de Estado&nbsp;en el 2001 decididamente no es cierto. El golpe de Estado fue en 1976 y durante el gobierno de&nbsp;Ra\u00fal Alfons\u00edn&nbsp;se juzg\u00f3 las juntas militares. O sea, cambiar as\u00ed la historia es lo mismo que quiere hacer el kirchnerismo&#8221;, expres\u00f3 el gobernador&nbsp;Alfredo Cornejo&nbsp;este jueves. De esta manera&nbsp;le respondi\u00f3 al presidente Javier [&hellip;]<\/p>\n","protected":false},"author":2,"featured_media":9886,"comment_status":"open","ping_status":"open","sticky":false,"template":"","format":"standard","meta":[],"categories":[47],"tags":[],"_links":{"self":[{"href":"https:\/\/pasaenmendoza.com\/index.php?rest_route=\/wp\/v2\/posts\/9884"}],"collection":[{"href":"https:\/\/pasaenmendoza.com\/index.php?rest_route=\/wp\/v2\/posts"}],"about":[{"href":"https:\/\/pasaenmendoza.com\/index.php?rest_route=\/wp\/v2\/types\/post"}],"author":[{"embeddable":true,"href":"https:\/\/pasaenmendoza.com\/index.php?rest_route=\/wp\/v2\/users\/2"}],"replies":[{"embeddable":true,"href":"https:\/\/pasaenmendoza.com\/index.php?rest_route=%2Fwp%2Fv2%2Fcomments&post=9884"}],"version-history":[{"count":2,"href":"https:\/\/pasaenmendoza.com\/index.php?rest_route=\/wp\/v2\/posts\/9884\/revisions"}],"predecessor-version":[{"id":9887,"href":"https:\/\/pasaenmendoza.com\/index.php?rest_route=\/wp\/v2\/posts\/9884\/revisions\/9887"}],"wp:featuredmedia":[{"embeddable":true,"href":"https:\/\/pasaenmendoza.com\/index.php?rest_route=\/wp\/v2\/media\/9886"}],"wp:attachment":[{"href":"https:\/\/pasaenmendoza.com\/index.php?rest_route=%2Fwp%2Fv2%2Fmedia&parent=9884"}],"wp:term":[{"taxonomy":"category","embeddable":true,"href":"https:\/\/pasaenmendoza.com\/index.php?rest_route=%2Fwp%2Fv2%2Fcategories&post=9884"},{"taxonomy":"post_tag","embeddable":true,"href":"https:\/\/pasaenmendoza.com\/index.php?rest_route=%2Fwp%2Fv2%2Ftags&post=9884"}],"curies":[{"name":"wp","href":"https:\/\/api.w.org\/{rel}","templated":true}]}}