{"id":9891,"date":"2024-11-01T13:39:03","date_gmt":"2024-11-01T12:39:03","guid":{"rendered":"https:\/\/pasaenmendoza.com\/?p=9891"},"modified":"2024-11-01T13:39:04","modified_gmt":"2024-11-01T12:39:04","slug":"alerta-por-zonda-y-tormentas-en-mendoza-cuales-seran-las-zonas-afectadas","status":"publish","type":"post","link":"https:\/\/pasaenmendoza.com\/?p=9891","title":{"rendered":"Alerta por Zonda y tormentas en Mendoza: cu\u00e1les ser\u00e1n las zonas afectadas"},"content":{"rendered":"\n<p>La Direcci\u00f3n de Contingencias Clim\u00e1ticas indica para este viernes un pron\u00f3stico<strong>caluroso&nbsp;<\/strong>con nubosidad variable y&nbsp;<strong>tormentas aisladas&nbsp;<\/strong>hacia la noche en el&nbsp;<strong>Gran Mendoza<\/strong>.&nbsp;<strong>La m\u00ednima ser\u00e1 de 20 grados y la m\u00e1xima de 35.<\/strong><\/p>\n\n\n\n<p>Adem\u00e1s, el Servicio Meteorol\u00f3gico Nacional (SMN) emiti\u00f3 un&nbsp;<strong>alerta por Zonda&nbsp;<\/strong>en varios sectores del llano provincial y en precordillera.<\/p>\n\n\n\n<p><strong>El fen\u00f3meno se espera para la tarde\u00a0<\/strong>y afectar\u00e1 a los departamentos de Jun\u00edn, Rivadavia, Luj\u00e1n de Cuyo, San Carlos, Tunuy\u00e1n, Tupungato, General Alvear y zona baja de San Rafael.<\/p>\n\n\n\n<p>Para el&nbsp;<strong>s\u00e1bado,<\/strong>&nbsp;est\u00e1 previsto el&nbsp;<strong>ingreso de un sistema frontal<\/strong>. El cielo estar\u00e1 parcialmente nublado y ventoso con&nbsp;<strong>descenso de la temperatura<\/strong>, vientos moderados del sector sur. Algo nublado en cordillera.&nbsp;<strong>La m\u00ednima ser\u00e1 de 18 grados y la m\u00e1xima de 25.<\/strong><\/p>\n\n\n\n<p>En tanto, el\u00a0<strong>domingo<\/strong>\u00a0estar\u00e1 algo nublado con\u00a0<strong>ascenso de la temperatura,<\/strong>\u00a0vientos moderados del sudeste. Tormentas aisladas hacia la noche.\u00a0<strong>La m\u00ednima ser\u00e1 de 18 grados y la m\u00e1xima de 31.<\/strong><\/p>\n\n\n\n<p><strong>Fuente: www.elsol.com.ar<\/strong><\/p>\n","protected":false},"excerpt":{"rendered":"<p>La Direcci\u00f3n de Contingencias Clim\u00e1ticas indica para este viernes un pron\u00f3sticocaluroso&nbsp;con nubosidad variable y&nbsp;tormentas aisladas&nbsp;hacia la noche en el&nbsp;Gran Mendoza.&nbsp;La m\u00ednima ser\u00e1 de 20 grados y la m\u00e1xima de 35. Adem\u00e1s, el Servicio Meteorol\u00f3gico Nacional (SMN) emiti\u00f3 un&nbsp;alerta por Zonda&nbsp;en varios sectores del llano provincial y en precordillera. El fen\u00f3meno se espera para la tarde\u00a0y [&hellip;]<\/p>\n","protected":false},"author":2,"featured_media":9892,"comment_status":"open","ping_status":"open","sticky":false,"template":"","format":"standard","meta":[],"categories":[52],"tags":[],"_links":{"self":[{"href":"https:\/\/pasaenmendoza.com\/index.php?rest_route=\/wp\/v2\/posts\/9891"}],"collection":[{"href":"https:\/\/pasaenmendoza.com\/index.php?rest_route=\/wp\/v2\/posts"}],"about":[{"href":"https:\/\/pasaenmendoza.com\/index.php?rest_route=\/wp\/v2\/types\/post"}],"author":[{"embeddable":true,"href":"https:\/\/pasaenmendoza.com\/index.php?rest_route=\/wp\/v2\/users\/2"}],"replies":[{"embeddable":true,"href":"https:\/\/pasaenmendoza.com\/index.php?rest_route=%2Fwp%2Fv2%2Fcomments&post=9891"}],"version-history":[{"count":1,"href":"https:\/\/pasaenmendoza.com\/index.php?rest_route=\/wp\/v2\/posts\/9891\/revisions"}],"predecessor-version":[{"id":9893,"href":"https:\/\/pasaenmendoza.com\/index.php?rest_route=\/wp\/v2\/posts\/9891\/revisions\/9893"}],"wp:featuredmedia":[{"embeddable":true,"href":"https:\/\/pasaenmendoza.com\/index.php?rest_route=\/wp\/v2\/media\/9892"}],"wp:attachment":[{"href":"https:\/\/pasaenmendoza.com\/index.php?rest_route=%2Fwp%2Fv2%2Fmedia&parent=9891"}],"wp:term":[{"taxonomy":"category","embeddable":true,"href":"https:\/\/pasaenmendoza.com\/index.php?rest_route=%2Fwp%2Fv2%2Fcategories&post=9891"},{"taxonomy":"post_tag","embeddable":true,"href":"https:\/\/pasaenmendoza.com\/index.php?rest_route=%2Fwp%2Fv2%2Ftags&post=9891"}],"curies":[{"name":"wp","href":"https:\/\/api.w.org\/{rel}","templated":true}]}}