{"id":9894,"date":"2024-11-01T13:43:41","date_gmt":"2024-11-01T12:43:41","guid":{"rendered":"https:\/\/pasaenmendoza.com\/?p=9894"},"modified":"2024-11-01T13:43:42","modified_gmt":"2024-11-01T12:43:42","slug":"robaron-el-cuartel-de-bomberos-voluntarios-de-las-heras","status":"publish","type":"post","link":"https:\/\/pasaenmendoza.com\/?p=9894","title":{"rendered":"Robaron el Cuartel de Bomberos Voluntarios de Las Heras"},"content":{"rendered":"\n<p>Un robo en el&nbsp;<strong>Cuartel de Bomberos Voluntarios de Las Heras<\/strong>, ubicado en la calle Regalado Olgu\u00edn, se registr\u00f3 la madrugada de este viernes. Minutos antes de las 4, un grupo de delincuentes ingres\u00f3 al lugar forzando una ventana y sustrajo diversos objetos personales y una motocicleta.<\/p>\n\n\n\n<p>Se llevaron una mochila gris, una billetera con documentaci\u00f3n, un celular, una campera y $1.500 en efectivo, adem\u00e1s de&nbsp;<strong>una motocicleta Zanella 150cc<\/strong>. Tras cometer el robo, los autores escaparon del lugar.<\/p>\n\n\n\n<p>Horas m\u00e1s tarde, el personal policial logr\u00f3 encontrar la moto que estaba abandonada en la intersecci\u00f3n de las calles Palacios y Las Moreira, en Las Heras.<\/p>\n\n\n\n<p><strong>Fuente: www.elsol.com.ar<\/strong><\/p>\n","protected":false},"excerpt":{"rendered":"<p>Un robo en el&nbsp;Cuartel de Bomberos Voluntarios de Las Heras, ubicado en la calle Regalado Olgu\u00edn, se registr\u00f3 la madrugada de este viernes. Minutos antes de las 4, un grupo de delincuentes ingres\u00f3 al lugar forzando una ventana y sustrajo diversos objetos personales y una motocicleta. Se llevaron una mochila gris, una billetera con documentaci\u00f3n, [&hellip;]<\/p>\n","protected":false},"author":2,"featured_media":9895,"comment_status":"open","ping_status":"open","sticky":false,"template":"","format":"standard","meta":[],"categories":[48],"tags":[],"_links":{"self":[{"href":"https:\/\/pasaenmendoza.com\/index.php?rest_route=\/wp\/v2\/posts\/9894"}],"collection":[{"href":"https:\/\/pasaenmendoza.com\/index.php?rest_route=\/wp\/v2\/posts"}],"about":[{"href":"https:\/\/pasaenmendoza.com\/index.php?rest_route=\/wp\/v2\/types\/post"}],"author":[{"embeddable":true,"href":"https:\/\/pasaenmendoza.com\/index.php?rest_route=\/wp\/v2\/users\/2"}],"replies":[{"embeddable":true,"href":"https:\/\/pasaenmendoza.com\/index.php?rest_route=%2Fwp%2Fv2%2Fcomments&post=9894"}],"version-history":[{"count":1,"href":"https:\/\/pasaenmendoza.com\/index.php?rest_route=\/wp\/v2\/posts\/9894\/revisions"}],"predecessor-version":[{"id":9896,"href":"https:\/\/pasaenmendoza.com\/index.php?rest_route=\/wp\/v2\/posts\/9894\/revisions\/9896"}],"wp:featuredmedia":[{"embeddable":true,"href":"https:\/\/pasaenmendoza.com\/index.php?rest_route=\/wp\/v2\/media\/9895"}],"wp:attachment":[{"href":"https:\/\/pasaenmendoza.com\/index.php?rest_route=%2Fwp%2Fv2%2Fmedia&parent=9894"}],"wp:term":[{"taxonomy":"category","embeddable":true,"href":"https:\/\/pasaenmendoza.com\/index.php?rest_route=%2Fwp%2Fv2%2Fcategories&post=9894"},{"taxonomy":"post_tag","embeddable":true,"href":"https:\/\/pasaenmendoza.com\/index.php?rest_route=%2Fwp%2Fv2%2Ftags&post=9894"}],"curies":[{"name":"wp","href":"https:\/\/api.w.org\/{rel}","templated":true}]}}