{"id":9897,"date":"2024-11-01T13:49:08","date_gmt":"2024-11-01T12:49:08","guid":{"rendered":"https:\/\/pasaenmendoza.com\/?p=9897"},"modified":"2024-11-01T13:49:10","modified_gmt":"2024-11-01T12:49:10","slug":"imputacion-y-domiciliaria-para-la-mujer-que-intento-matar-a-su-hijo-autista-en-guaymallen","status":"publish","type":"post","link":"https:\/\/pasaenmendoza.com\/?p=9897","title":{"rendered":"Imputaci\u00f3n y domiciliaria para la mujer que intent\u00f3 matar a su hijo autista en Guaymall\u00e9n"},"content":{"rendered":"\n<p>La&nbsp;<strong>Justicia de Mendoza<\/strong>&nbsp;confirm\u00f3 este jueves que la mujer que dispar\u00f3 a su hijo autista fue imputada por el crimen de&nbsp;<strong>homicidio<\/strong>&nbsp;<strong>agravado por el v\u00ednculo y el uso de arma de fuego en grado de tentativa.<\/strong>&nbsp;La mujer recibi\u00f3 el beneficio de la detenci\u00f3n domiciliaria a cargo de una persona \u201cguardadora\u201d, mientras que la v\u00edctima se encuentra internada en estado cr\u00edtico.<\/p>\n\n\n\n<p>El hecho ocurri\u00f3 en la tarde de este mi\u00e9rcoles,\u00a0cuando la mujer de 82 a\u00f1os le dispar\u00f3 a su hijo de 52 a\u00f1os.\u00a0<strong>Vicente Eugenio Mazziotti\u00a0 recibi\u00f3 dos impactos de bala,<\/strong>\u00a0uno en la altura de la sien y otro en el abdomen. Se encuentra internado en el Hospital Central.<\/p>\n\n\n\n<p>El fiscal de homicidios<strong>\u00a0Carlos Torres<\/strong>\u00a0determin\u00f3 que a\u00a0<strong>Mirta Greco<\/strong>\u00a0se realicen evaluaciones f\u00edsicas y psicol\u00f3gicas para conocer su estado.<\/p>\n\n\n\n<p>El&nbsp;<strong>Cuerpo M\u00e9dico Forense<\/strong>&nbsp;defini\u00f3 que la mujer es imputable, es decir, que no est\u00e1 amparada dentro de las previsiones del&nbsp;<strong>art\u00edculo 34 inciso I del C\u00f3digo Penal<\/strong>, debido a que comprende el delito que presuntamente cometi\u00f3.<\/p>\n\n\n\n<p>Con el resultado de estas pericias, el fiscal Torres decidi\u00f3 que la madre de la v\u00edctima est\u00e9 bajo detenci\u00f3n domiciliaria a cargo de una persona responsable del cumplimiento de esta medida.<\/p>\n\n\n\n<p>Por otro lado, se le dio intervenci\u00f3n al asesor de menores e incapaces para que aborde la situaci\u00f3n de la v\u00edctima, quien si bien por estas horas se encuentra internada requerir\u00e1 la adopci\u00f3n de las medidas tutelares correspondientes con el juzgado de familia que intervenga en el caso.<\/p>\n\n\n\n<p><strong>Fuente: www.elsol.com.ar<\/strong><\/p>\n","protected":false},"excerpt":{"rendered":"<p>La&nbsp;Justicia de Mendoza&nbsp;confirm\u00f3 este jueves que la mujer que dispar\u00f3 a su hijo autista fue imputada por el crimen de&nbsp;homicidio&nbsp;agravado por el v\u00ednculo y el uso de arma de fuego en grado de tentativa.&nbsp;La mujer recibi\u00f3 el beneficio de la detenci\u00f3n domiciliaria a cargo de una persona \u201cguardadora\u201d, mientras que la v\u00edctima se encuentra internada [&hellip;]<\/p>\n","protected":false},"author":2,"featured_media":9898,"comment_status":"open","ping_status":"open","sticky":false,"template":"","format":"standard","meta":[],"categories":[48],"tags":[],"_links":{"self":[{"href":"https:\/\/pasaenmendoza.com\/index.php?rest_route=\/wp\/v2\/posts\/9897"}],"collection":[{"href":"https:\/\/pasaenmendoza.com\/index.php?rest_route=\/wp\/v2\/posts"}],"about":[{"href":"https:\/\/pasaenmendoza.com\/index.php?rest_route=\/wp\/v2\/types\/post"}],"author":[{"embeddable":true,"href":"https:\/\/pasaenmendoza.com\/index.php?rest_route=\/wp\/v2\/users\/2"}],"replies":[{"embeddable":true,"href":"https:\/\/pasaenmendoza.com\/index.php?rest_route=%2Fwp%2Fv2%2Fcomments&post=9897"}],"version-history":[{"count":1,"href":"https:\/\/pasaenmendoza.com\/index.php?rest_route=\/wp\/v2\/posts\/9897\/revisions"}],"predecessor-version":[{"id":9899,"href":"https:\/\/pasaenmendoza.com\/index.php?rest_route=\/wp\/v2\/posts\/9897\/revisions\/9899"}],"wp:featuredmedia":[{"embeddable":true,"href":"https:\/\/pasaenmendoza.com\/index.php?rest_route=\/wp\/v2\/media\/9898"}],"wp:attachment":[{"href":"https:\/\/pasaenmendoza.com\/index.php?rest_route=%2Fwp%2Fv2%2Fmedia&parent=9897"}],"wp:term":[{"taxonomy":"category","embeddable":true,"href":"https:\/\/pasaenmendoza.com\/index.php?rest_route=%2Fwp%2Fv2%2Fcategories&post=9897"},{"taxonomy":"post_tag","embeddable":true,"href":"https:\/\/pasaenmendoza.com\/index.php?rest_route=%2Fwp%2Fv2%2Ftags&post=9897"}],"curies":[{"name":"wp","href":"https:\/\/api.w.org\/{rel}","templated":true}]}}