{"id":9900,"date":"2024-11-01T13:56:37","date_gmt":"2024-11-01T12:56:37","guid":{"rendered":"https:\/\/pasaenmendoza.com\/?p=9900"},"modified":"2024-11-01T13:56:38","modified_gmt":"2024-11-01T12:56:38","slug":"docente-acusado-de-abuso-sexual-fotos-de-alumnas-en-las-redes-y-una-sorpresiva-confesion","status":"publish","type":"post","link":"https:\/\/pasaenmendoza.com\/?p=9900","title":{"rendered":"Docente acusado de abuso sexual: fotos de alumnas en las redes y una sorpresiva confesi\u00f3n"},"content":{"rendered":"\n<p>Los&nbsp;<strong>abusos sexuales<\/strong>&nbsp;denunciados por un grupo de alumnas de entre 10 y 11 a\u00f1os generaron malestar y conmoci\u00f3n el mi\u00e9rcoles en la comunidad educativa de la<strong>&nbsp;escuela N\u00ba 1-482 Tomas Alva Edison<\/strong>&nbsp;de&nbsp;<strong>Guaymall\u00e9n<\/strong>. Las menores de edad se\u00f1alaron como autor a&nbsp;<strong>Hugo Efra\u00edn Oyola Amaya<\/strong>&nbsp;-identidad revelada por el&nbsp;<strong>Ministerio P\u00fablico Fiscal<\/strong>-, de 59 a\u00f1os, quien se desempe\u00f1aba como&nbsp;<strong>profesor de Matem\u00e1ticas y Ciencias Naturales&nbsp;<\/strong>en el quinto grado del establecimiento ubicado en&nbsp;<strong>calle Fader<\/strong>&nbsp;del&nbsp;<strong>barrio Santa Ana<\/strong>.<\/p>\n\n\n\n<p>El caso estall\u00f3 despu\u00e9s de que una de las estudiantes se dirigi\u00f3 hasta la Direcci\u00f3n del colegio y le cont\u00f3 a las autoridades que hab\u00eda sido manoseada en sus partes \u00edntimas por parte del docente. Otras cuatro compa\u00f1eras se sumaron y tambi\u00e9n confirmaron haber sido blanco de los tocamientos por parte del educador.<\/p>\n\n\n\n<p>Previo a su detenci\u00f3n, durante una reuni\u00f3n con los directivos, el sospechoso confes\u00f3 de manera inesperada que ya hab\u00eda sido denunciado a\u00f1os atr\u00e1s por episodios similares en la&nbsp;<strong>escuela N\u00ba 1-666 Batalla del Pilar<\/strong>, localizada en<strong>&nbsp;calle Mu\u00f1iz al 700 de Godoy Cruz<\/strong>.<\/p>\n\n\n\n<p>Posteriormente, los detectives que trabajan el caso constataron que Oyola Amaya fue condenado por esa causa en mayo de 2017 a la pena de&nbsp;<strong>tres a\u00f1os de prisi\u00f3n en suspenso&nbsp;<\/strong>por el delito de&nbsp;<strong>abuso sexual simple<\/strong>&nbsp;-tocamientos- agravado por la condici\u00f3n de encargado de la educaci\u00f3n y la guarda.<\/p>\n\n\n\n<p>Pese al antecedente que pesaba sobre el educador, no tuvo problemas para volver a trabajar en una escuela provincia y estar en permanente contacto con menores de edad, situaci\u00f3n que llam\u00f3 la atenci\u00f3n de propios y ajenos.<\/p>\n\n\n\n<p>Por el mismo delito que fue sentenciado hace m\u00e1s de siete a\u00f1os, result\u00f3 imputado este jueves, aunque en esta oportunidad fue por cuatro hechos, es decir, cuatro de las cinco ni\u00f1as que revelaron haber sufrido las vejaciones y lo complicaron ante la Justicia. Por eso, no descartan que con el paso de los d\u00edas surjan nuevas denuncias contra Oyola Amaya,<\/p>\n\n\n\n<h2 class=\"wp-block-heading\" id=\"h-su-perfil-de-facebook-y-un-repentino-traslado\">Su perfil de Facebook y un repentino traslado<\/h2>\n\n\n\n<p>Horas despu\u00e9s de la detenci\u00f3n del docente, tanto los detectives del caso, que trabajaban bajo las directivas de la\u00a0<strong>fiscal de Delitos Contra la Integridad Sexual Virginia Rumbo<\/strong>, profundizaron la investigaci\u00f3n sobre el perfil de Oyola Amaya.<\/p>\n\n\n\n<p>Fue as\u00ed que llegaron hasta su cuenta de&nbsp;<strong>Facebook<\/strong>, donde detectaron que el educador hab\u00eda publicado algunas<strong>&nbsp;fotos y hasta un video de sus alumnas<\/strong>&nbsp;tomadas en pleno dictado de las clases en la mencionada escuela guaymallina.<\/p>\n\n\n\n<p>Esa situaci\u00f3n gener\u00f3 un mayor malestar entre algunos de los padres de las estudiantes, quienes tomaron conocimiento sobre esa situaci\u00f3n.<\/p>\n\n\n\n<p>Por otro lado, en un principio Oyola Amaya fue trasladado hasta la&nbsp;<strong>Comisar\u00eda 25\u00aa<\/strong>&nbsp;de<strong>&nbsp;San Jos\u00e9<\/strong>, donde funciona la&nbsp;<strong>Oficina Fiscal N\u00ba 1 de Guaymall\u00e9n<\/strong>, que inici\u00f3 las actuaciones por las denuncias de abuso sexual.<\/p>\n\n\n\n<p>Sin embargo, de forma imprevista, tuvo que ser retirado de esa dependencia, ya que los detenidos ten\u00edan planeado darle una golpiza, al enterarse de que estaba sospechado de vejaciones a menores de edad.<\/p>\n\n\n\n<p>Por eso, lo reubicaron en la&nbsp;<strong>Comisar\u00eda 35\u00aa<\/strong>, en&nbsp;<strong>Rodeo de la Cruz<\/strong>, donde qued\u00f3 aislado para evitar que sea blanco de alg\u00fan tipo de agresi\u00f3n por parte del resto de los reos que all\u00ed se encuentran alojados.<\/p>\n\n\n\n<p>As\u00ed las cosas, la fiscal del caso aguarda por la incorporaci\u00f3n de una serie de pruebas al expediente para definir su trasladado a un penal provincial.<\/p>\n\n\n\n<p><strong>Fuente: www.elsol.com.ar<\/strong><\/p>\n","protected":false},"excerpt":{"rendered":"<p>Los&nbsp;abusos sexuales&nbsp;denunciados por un grupo de alumnas de entre 10 y 11 a\u00f1os generaron malestar y conmoci\u00f3n el mi\u00e9rcoles en la comunidad educativa de la&nbsp;escuela N\u00ba 1-482 Tomas Alva Edison&nbsp;de&nbsp;Guaymall\u00e9n. Las menores de edad se\u00f1alaron como autor a&nbsp;Hugo Efra\u00edn Oyola Amaya&nbsp;-identidad revelada por el&nbsp;Ministerio P\u00fablico Fiscal-, de 59 a\u00f1os, quien se desempe\u00f1aba como&nbsp;profesor de Matem\u00e1ticas [&hellip;]<\/p>\n","protected":false},"author":2,"featured_media":9901,"comment_status":"open","ping_status":"open","sticky":false,"template":"","format":"standard","meta":[],"categories":[48],"tags":[],"_links":{"self":[{"href":"https:\/\/pasaenmendoza.com\/index.php?rest_route=\/wp\/v2\/posts\/9900"}],"collection":[{"href":"https:\/\/pasaenmendoza.com\/index.php?rest_route=\/wp\/v2\/posts"}],"about":[{"href":"https:\/\/pasaenmendoza.com\/index.php?rest_route=\/wp\/v2\/types\/post"}],"author":[{"embeddable":true,"href":"https:\/\/pasaenmendoza.com\/index.php?rest_route=\/wp\/v2\/users\/2"}],"replies":[{"embeddable":true,"href":"https:\/\/pasaenmendoza.com\/index.php?rest_route=%2Fwp%2Fv2%2Fcomments&post=9900"}],"version-history":[{"count":1,"href":"https:\/\/pasaenmendoza.com\/index.php?rest_route=\/wp\/v2\/posts\/9900\/revisions"}],"predecessor-version":[{"id":9902,"href":"https:\/\/pasaenmendoza.com\/index.php?rest_route=\/wp\/v2\/posts\/9900\/revisions\/9902"}],"wp:featuredmedia":[{"embeddable":true,"href":"https:\/\/pasaenmendoza.com\/index.php?rest_route=\/wp\/v2\/media\/9901"}],"wp:attachment":[{"href":"https:\/\/pasaenmendoza.com\/index.php?rest_route=%2Fwp%2Fv2%2Fmedia&parent=9900"}],"wp:term":[{"taxonomy":"category","embeddable":true,"href":"https:\/\/pasaenmendoza.com\/index.php?rest_route=%2Fwp%2Fv2%2Fcategories&post=9900"},{"taxonomy":"post_tag","embeddable":true,"href":"https:\/\/pasaenmendoza.com\/index.php?rest_route=%2Fwp%2Fv2%2Ftags&post=9900"}],"curies":[{"name":"wp","href":"https:\/\/api.w.org\/{rel}","templated":true}]}}