{"id":9903,"date":"2024-11-01T22:24:38","date_gmt":"2024-11-01T21:24:38","guid":{"rendered":"https:\/\/pasaenmendoza.com\/?p=9903"},"modified":"2024-11-01T22:24:38","modified_gmt":"2024-11-01T21:24:38","slug":"boom-de-chilenos-en-mendoza-mas-de-15-000-personas-ya-ingresaron-por-el-paso-cristo-redentor","status":"publish","type":"post","link":"https:\/\/pasaenmendoza.com\/?p=9903","title":{"rendered":"Boom de chilenos en Mendoza: m\u00e1s de 15.000 personas ya ingresaron por el Paso Cristo Redentor"},"content":{"rendered":"\n<p>A pesar de que el cambio no los favorece, miles de\u00a0<strong>chilenos<\/strong>\u00a0eligieron Mendoza para pasar unas mini vacaciones teniendo en cuenta que en el vecino pa\u00eds disfrutan de un finde XL por dos feriados. Y el aluvi\u00f3n de visitantes trasandinos qued\u00f3 registrado en el Paso Cristo Redentor, donde ya ingresaron\u00a0<strong>m\u00e1s de 15.000 personas en casi tres d\u00edas.<\/strong><\/p>\n\n\n\n<p>Las autoridades del corredor internacional a\u00fan no dan a conocer las cifras oficiales de este viernes porque se brindan al d\u00eda siguiente pero s\u00ed se tienen los datos del mi\u00e9rcoles, cuando entraron 5.700 personas (el promedio de los d\u00edas habituales) por el complejo Roque Carranza en Horcones.<\/p>\n\n\n\n<p>Pero el boom de ingresos fue el jueves, cuando se registraron casi 8.000 personas y se vivieron momentos de tensi\u00f3n por los controles en la Aduana. De uno y otro lado de la cordillera, se culparon por las demoras que variaron entre las 4 y las 8 horas, seg\u00fan los comentarios de los propios chilenos.<\/p>\n\n\n\n<h2 class=\"wp-block-heading\">Caos en el Paso Cristo Redentor por los controles de los tours de compras<\/h2>\n\n\n\n<p>La cantidad de colectivos en el corredor internacional provocaron esperas extras de los automovilistas que llegaban a Horcones para realizar los tr\u00e1mites aduaneros.<\/p>\n\n\n\n<p>Es que en s\u00f3lo dos d\u00edas pasaron 120 micros con destino a Mendoza. Incluso se produjeron\u00a0peleas entre algunos pasajeros y personal de Gendarmer\u00eda por el decomiso de mercader\u00eda sin factura\u00a0y quejas de otros por los &#8220;altos montos de las multas&#8221; de la ex AFIP por haberse pasado de la franquicia correspondiente (300 d\u00f3lares por adulto y 150 d\u00f3lares los menores de edad).<\/p>\n\n\n\n<p>Leandro Gil, coordinador de tours de compras, relat\u00f3 que \u00e9l fue testigo directo de una de las trifulcas. &#8220;Estaba tres coches m\u00e1s atr\u00e1s. Muchos de los pasajeros que llevaba pasaron pagando la multa. De hecho, saben que existe esa posibilidad en los tours; y algunos hasta abonaron cerca de $1 mill\u00f3n en penalizaciones.\u00a0<strong>El problema en este caso es que hab\u00eda gente que pag\u00f3 y no le quer\u00edan devolver la mercader\u00eda<\/strong>&#8220;, asegur\u00f3.<\/p>\n\n\n\n<p>El coche cuyos pasajeros discutieron con las autoridades &#8220;sali\u00f3 desde Horcones escoltado, y lo metieron de prepo en el ACI de Uspallata, donde\u00a0<strong>supuestamente les iban a entregar la mercader\u00eda a los pasajeros<\/strong>. No pas\u00f3, incluso cuando estas personas\u00a0<strong>ten\u00edan el comprobante de pago de sus multas<\/strong>. Entonces o te cobran multa o te secuestran la mercader\u00eda,pero no las dos cosas&#8221;, seg\u00fan el testimonio de Leandro.<\/p>\n\n\n\n<p>Lo cierto es que los turistas chilenos tambi\u00e9n lamentaron el estado de las instalaciones del complejo fronterizo, lo que tiene sentido si se lo compara con el edificio de Los Libertadores.<\/p>\n\n\n\n<p>Ni hablar de los ba\u00f1os, un tema que no se ha logrado solucionar desde hace a\u00f1os. Ahora comenzaron a refaccionarlos pero a\u00fan no terminan las obras. De hecho se pudo ver largas filas de viajeros esperando para ingresar a los sanitarios en el exterior del predio. La cuenta Paso Fronterizos (del gobierno chileno) se encarg\u00f3 de postear esta imagen en su cuenta de X.<\/p>\n\n\n\n<p><strong>Fuente: www.diariouno.com.ar<\/strong><\/p>\n","protected":false},"excerpt":{"rendered":"<p>A pesar de que el cambio no los favorece, miles de\u00a0chilenos\u00a0eligieron Mendoza para pasar unas mini vacaciones teniendo en cuenta que en el vecino pa\u00eds disfrutan de un finde XL por dos feriados. Y el aluvi\u00f3n de visitantes trasandinos qued\u00f3 registrado en el Paso Cristo Redentor, donde ya ingresaron\u00a0m\u00e1s de 15.000 personas en casi tres [&hellip;]<\/p>\n","protected":false},"author":2,"featured_media":9904,"comment_status":"open","ping_status":"open","sticky":false,"template":"","format":"standard","meta":[],"categories":[66],"tags":[],"_links":{"self":[{"href":"https:\/\/pasaenmendoza.com\/index.php?rest_route=\/wp\/v2\/posts\/9903"}],"collection":[{"href":"https:\/\/pasaenmendoza.com\/index.php?rest_route=\/wp\/v2\/posts"}],"about":[{"href":"https:\/\/pasaenmendoza.com\/index.php?rest_route=\/wp\/v2\/types\/post"}],"author":[{"embeddable":true,"href":"https:\/\/pasaenmendoza.com\/index.php?rest_route=\/wp\/v2\/users\/2"}],"replies":[{"embeddable":true,"href":"https:\/\/pasaenmendoza.com\/index.php?rest_route=%2Fwp%2Fv2%2Fcomments&post=9903"}],"version-history":[{"count":1,"href":"https:\/\/pasaenmendoza.com\/index.php?rest_route=\/wp\/v2\/posts\/9903\/revisions"}],"predecessor-version":[{"id":9905,"href":"https:\/\/pasaenmendoza.com\/index.php?rest_route=\/wp\/v2\/posts\/9903\/revisions\/9905"}],"wp:featuredmedia":[{"embeddable":true,"href":"https:\/\/pasaenmendoza.com\/index.php?rest_route=\/wp\/v2\/media\/9904"}],"wp:attachment":[{"href":"https:\/\/pasaenmendoza.com\/index.php?rest_route=%2Fwp%2Fv2%2Fmedia&parent=9903"}],"wp:term":[{"taxonomy":"category","embeddable":true,"href":"https:\/\/pasaenmendoza.com\/index.php?rest_route=%2Fwp%2Fv2%2Fcategories&post=9903"},{"taxonomy":"post_tag","embeddable":true,"href":"https:\/\/pasaenmendoza.com\/index.php?rest_route=%2Fwp%2Fv2%2Ftags&post=9903"}],"curies":[{"name":"wp","href":"https:\/\/api.w.org\/{rel}","templated":true}]}}