{"id":9906,"date":"2024-11-01T22:28:35","date_gmt":"2024-11-01T21:28:35","guid":{"rendered":"https:\/\/pasaenmendoza.com\/?p=9906"},"modified":"2024-11-01T22:28:36","modified_gmt":"2024-11-01T21:28:36","slug":"confirmaron-que-aumenta-el-boleto-de-micro-en-mendoza-a-partir-de-noviembre-se-va-a-850","status":"publish","type":"post","link":"https:\/\/pasaenmendoza.com\/?p=9906","title":{"rendered":"Confirmaron que aumenta el boleto de micro en Mendoza a partir de noviembre: se va a $850"},"content":{"rendered":"\n<p>En un contexto de presi\u00f3n sobre los fondos provinciales y de ajustes en los subsidios al transporte p\u00fablico, el gobierno de Mendoza, a trav\u00e9s de la Subsecretar\u00eda de Transporte, anunci\u00f3 una nueva actualizaci\u00f3n en las\u00a0<strong>tarifas del sistema de transporte<\/strong>\u00a0de pasajeros del \u00c1rea Metropolitana de Mendoza, incluyendo el Metrotranv\u00eda. El\u00a0<strong>aumento del boleto<\/strong>, previsto en la Resoluci\u00f3n N.\u00ba 1780 publicada en el\u00a0<strong>Bolet\u00edn Oficial\u00a0<\/strong>este viernes, responde a la necesidad de sostener el Fondo Compensador del Transporte P\u00fablico y garantizar la sustentabilidad del sistema.<\/p>\n\n\n\n<p>La normativa se basa en el Decreto N.\u00ba 773\/24, que faculta a la Subsecretar\u00eda de Transporte a ajustar las tarifas cuando sea necesario para mantener el equilibrio financiero del Fondo Compensador. Seg\u00fan los estudios del Ente de la Movilidad Provincial (EMoP), la tarifa que permitir\u00eda\u00a0<strong>cubrir los costos del boleto<\/strong>, que sin intervenci\u00f3n estatal alcanzar\u00eda los\u00a0<strong>$1.770,22<\/strong>. Sin embargo, se mantendr\u00e1n tarifas subvencionadas para aliviar el impacto en los usuarios.<\/p>\n\n\n\n<h2 class=\"wp-block-heading\">Ajustes y horarios diferenciales<\/h2>\n\n\n\n<p>El incremento tarifario tambi\u00e9n se presenta con un esquema diferenciado que<strong>\u00a0reduce la tarifa en horarios de menor demanda<\/strong>. As\u00ed, de lunes a viernes entre las 9 y las 11 de la ma\u00f1ana, y de 14:30 a 16:00, los usuarios podr\u00e1n acceder a un boleto 17% m\u00e1s econ\u00f3mico. Esta medida busca promover el uso del servicio en esos momentos y optimizar la operaci\u00f3n del sistema, especialmente en \u00e9pocas de uso intenso en el<strong>\u00a0transporte p\u00fablico<\/strong>.<\/p>\n\n\n\n<p>Como es habitual, la norma mantiene tarifas reducidas para grupos espec\u00edficos como&nbsp;<strong>estudiantes, jubilados y personal de bomberos voluntarios<\/strong>, quienes continuar\u00e1n contando con descuentos significativos o acceso gratuito, en algunos casos.<\/p>\n\n\n\n<p>Estas son las&nbsp;<strong>nuevas tarifas<\/strong>&nbsp;en d\u00edas h\u00e1biles de 9 a 11 y de 14.30 a 16:<\/p>\n\n\n\n<figure class=\"wp-block-image\"><img decoding=\"async\" src=\"https:\/\/media.diariouno.com.ar\/p\/c3f2c2d43a43f132d8ce84152889cf4a\/adjuntos\/298\/imagenes\/009\/435\/0009435317\/1200x0\/smart\/nuevas-tarifas-aumento-boleto-micro-colectivojpg.jpg\" alt=\"\" title=\"\"\/><\/figure>\n\n\n\n<p>El aumento tambi\u00e9n impactar\u00e1 en los\u00a0<strong>servicios de media y larga distancia<\/strong>\u00a0en la provincia, ajust\u00e1ndose los valores para los recorridos urbanos y manteni\u00e9ndose una proporci\u00f3n promedio para los recorridos interurbanos. Se espera que la implementaci\u00f3n de las nuevas tarifas\u00a0<strong>se haga de forma gradual<\/strong>, a medida que se actualicen las validadoras de la tarjeta SUBE en cada unidad.<\/p>\n\n\n\n<p><strong>Fuente: www.diariouno.com.ar<\/strong><\/p>\n","protected":false},"excerpt":{"rendered":"<p>En un contexto de presi\u00f3n sobre los fondos provinciales y de ajustes en los subsidios al transporte p\u00fablico, el gobierno de Mendoza, a trav\u00e9s de la Subsecretar\u00eda de Transporte, anunci\u00f3 una nueva actualizaci\u00f3n en las\u00a0tarifas del sistema de transporte\u00a0de pasajeros del \u00c1rea Metropolitana de Mendoza, incluyendo el Metrotranv\u00eda. El\u00a0aumento del boleto, previsto en la Resoluci\u00f3n [&hellip;]<\/p>\n","protected":false},"author":2,"featured_media":9907,"comment_status":"open","ping_status":"open","sticky":false,"template":"","format":"standard","meta":[],"categories":[80],"tags":[],"_links":{"self":[{"href":"https:\/\/pasaenmendoza.com\/index.php?rest_route=\/wp\/v2\/posts\/9906"}],"collection":[{"href":"https:\/\/pasaenmendoza.com\/index.php?rest_route=\/wp\/v2\/posts"}],"about":[{"href":"https:\/\/pasaenmendoza.com\/index.php?rest_route=\/wp\/v2\/types\/post"}],"author":[{"embeddable":true,"href":"https:\/\/pasaenmendoza.com\/index.php?rest_route=\/wp\/v2\/users\/2"}],"replies":[{"embeddable":true,"href":"https:\/\/pasaenmendoza.com\/index.php?rest_route=%2Fwp%2Fv2%2Fcomments&post=9906"}],"version-history":[{"count":1,"href":"https:\/\/pasaenmendoza.com\/index.php?rest_route=\/wp\/v2\/posts\/9906\/revisions"}],"predecessor-version":[{"id":9908,"href":"https:\/\/pasaenmendoza.com\/index.php?rest_route=\/wp\/v2\/posts\/9906\/revisions\/9908"}],"wp:featuredmedia":[{"embeddable":true,"href":"https:\/\/pasaenmendoza.com\/index.php?rest_route=\/wp\/v2\/media\/9907"}],"wp:attachment":[{"href":"https:\/\/pasaenmendoza.com\/index.php?rest_route=%2Fwp%2Fv2%2Fmedia&parent=9906"}],"wp:term":[{"taxonomy":"category","embeddable":true,"href":"https:\/\/pasaenmendoza.com\/index.php?rest_route=%2Fwp%2Fv2%2Fcategories&post=9906"},{"taxonomy":"post_tag","embeddable":true,"href":"https:\/\/pasaenmendoza.com\/index.php?rest_route=%2Fwp%2Fv2%2Ftags&post=9906"}],"curies":[{"name":"wp","href":"https:\/\/api.w.org\/{rel}","templated":true}]}}