{"id":9909,"date":"2024-11-01T22:37:40","date_gmt":"2024-11-01T21:37:40","guid":{"rendered":"https:\/\/pasaenmendoza.com\/?p=9909"},"modified":"2024-11-01T22:37:41","modified_gmt":"2024-11-01T21:37:41","slug":"perspectiva-de-genero-se-divorcio-y-la-corte-ordeno-que-le-pague-mas-de-4-millones-a-su-exesposa","status":"publish","type":"post","link":"https:\/\/pasaenmendoza.com\/?p=9909","title":{"rendered":"Perspectiva de g\u00e9nero: se divorci\u00f3 y la Corte orden\u00f3 que le pague m\u00e1s de $4 millones a su exesposa"},"content":{"rendered":"\n<p>La&nbsp;<strong>Suprema Corte de Justicia de Mendoza<\/strong>&nbsp;sentenci\u00f3 que un hombre le otorgue una&nbsp;<strong>compensaci\u00f3n econ\u00f3mica&nbsp;<\/strong>a su exesposa, en un conflicto judicial por el divorcio<strong>&nbsp;<\/strong>del matrimonio. El fallo de la Sala Primera, con votos de<strong>&nbsp;Teresa Day<\/strong>,&nbsp;<strong>Julio G\u00f3mez&nbsp;<\/strong>y&nbsp;<strong>Pedro Llorente<\/strong>, cobr\u00f3 relevancia al aplicar&nbsp;<strong>perspectiva de g\u00e9nero<\/strong>, ya que entendi\u00f3 que hubo&nbsp;<strong>desigualdad patrimonial<\/strong>&nbsp;entre los involucrados.&nbsp;<\/p>\n\n\n\n<p>Se trata de una relaci\u00f3n que dur\u00f3\u00a0<strong>veinte a\u00f1os de convivencia<\/strong>\u00a0y que atraves\u00f3 un complicado proceso de separaci\u00f3n. A partir de la sentencia, el exesposo se ver\u00e1 obligado a abonar m\u00e1s de\u00a0<strong>4 millones de pesos<\/strong>. El motivo de la resoluci\u00f3n deriva del\u00a0<strong>sacrificio laboral y profesional\u00a0<\/strong>que implica la dedicaci\u00f3n a\u00a0<strong>tareas dom\u00e9sticas\u00a0<\/strong>y\u00a0<strong>cuidado familiar<\/strong>\u00a0por parte de la exesposa.<\/p>\n\n\n\n<p>En parte de su demanda, la mujer expuso que conoci\u00f3 a su exesposo a los&nbsp;<strong>17 a\u00f1os&nbsp;<\/strong>y, a partir de all\u00ed,<strong>&nbsp;interrumpi\u00f3 sus estudios<\/strong>&nbsp;para mudarse con \u00e9l y formar una familia. A su vez, con el correr de los a\u00f1os, debi\u00f3&nbsp;<strong>dedicarse a su hogar<\/strong>&nbsp;y al&nbsp;<strong>cuidado de sus cuatro hijos<\/strong>, mientras que el esposo se consolidaba profesionalmente.<\/p>\n\n\n\n<p>Bajo estas condiciones, la&nbsp;<strong>Sala Primera del m\u00e1ximo tribunal<\/strong>&nbsp;reafirm\u00f3 la importancia de juzgar con perspectiva de g\u00e9nero y de aplicar la compensaci\u00f3n econ\u00f3mica en casos donde el&nbsp;<strong>impacto financiero<\/strong>&nbsp;de la ruptura&nbsp;<strong>afecta m\u00e1s a uno de los c\u00f3nyuges<\/strong>.<\/p>\n\n\n\n<p>De hecho, adem\u00e1s de representar una medida de\u00a0<strong>justicia patrimonial<\/strong>, esta sentencia promovi\u00f3 un reconocimiento expl\u00edcito del<strong>\u00a0trabajo dom\u00e9stico\u00a0<\/strong>y de la\u00a0<strong>desigualdad\u00a0<\/strong>que pueden generar los\u00a0<strong>roles tradicionales<\/strong>\u00a0en las relaciones de pareja.<\/p>\n\n\n\n<h2 class=\"wp-block-heading\" id=\"h-la-postura-de-los-involucrados-nbsp\">La postura de los involucrados&nbsp;<\/h2>\n\n\n\n<p>El<strong>\u00a0proceso judicial\u00a0<\/strong>comenz\u00f3 con una\u00a0<strong>demanda econ\u00f3mica en 2023<\/strong>, en la que la mujer solicit\u00f3 una suma compensatoria, considerando que la relaci\u00f3n prolongada le hab\u00eda ocasionado una situaci\u00f3n patrimonial desventajosa. Es decir, luego del matrimonio, ella intent\u00f3 estudiar y desarrollarse profesionalmente, pero las obligaciones familiares no se lo permitieron.\u00a0<\/p>\n\n\n\n<p>Seg\u00fan lo expuesto por la mujer, este sacrificio por el rol asumido termin\u00f3 provocando una&nbsp;<strong>brecha econ\u00f3mica y patrimonial&nbsp;<\/strong>con su&nbsp;<strong>exesposo<\/strong>, que se evidenci\u00f3 al momento de la separaci\u00f3n.&nbsp;<\/p>\n\n\n\n<p><object data=\"https:\/\/newspack-elsol.s3.amazonaws.com\/wp-content\/uploads\/2024\/10\/Sentencia.pdf\" type=\"application\/pdf\"><\/object><\/p>\n\n\n\n<p><\/p>\n\n\n\n<p>El hombre, por su parte, sostuvo que&nbsp;<strong>asumi\u00f3 la mayor parte de las responsabilidades<\/strong>&nbsp;familiares y econ\u00f3micas, permiti\u00e9ndole a ella la libertad de acci\u00f3n. Con este argumento, lo que intenta es explicar que su&nbsp;<strong>exesposa contaba con ayuda externa<\/strong>&nbsp;para el cuidado de los hijos y las tareas dom\u00e9sticas.<\/p>\n\n\n\n<p>La&nbsp;<strong>Corte<\/strong>, analizando ambas posturas, consider\u00f3 que los argumentos de la exesposa eran s\u00f3lidos y<strong>&nbsp;reflejaban un impacto real en su vida financiera<\/strong>. A ra\u00edz de ello, tambi\u00e9n rechaz\u00f3 la visi\u00f3n del demandado sobre las&nbsp;<em>\u201cprioridades sociales\u201d<\/em>&nbsp;de su exesposa como un&nbsp;<strong>estereotipo patriarcal<\/strong>.<\/p>\n\n\n\n<p>Por \u00faltimo, se concluy\u00f3 que los roles asumidos en la relaci\u00f3n, la limitaci\u00f3n de oportunidades laborales de ella y la<strong>&nbsp;disparidad patrimonial&nbsp;<\/strong>al final del v\u00ednculo justificaban la compensaci\u00f3n econ\u00f3mica solicitada.<\/p>\n\n\n\n<h2 class=\"wp-block-heading\" id=\"h-la-apelacion-por-parte-del-exmarido\">La apelaci\u00f3n por parte del exmarido<\/h2>\n\n\n\n<p>Una vez constatada la decisi\u00f3n de la&nbsp;<strong>Suprema Corte de Justicia<\/strong>, el exesposo decidi\u00f3 llevar adelante una apelaci\u00f3n. Lejos de recibir una respuesta positiva, el m\u00e1ximo tribunal de la provincia<strong>&nbsp;rechaz\u00f3 el recurso&nbsp;<\/strong>y consider\u00f3 que la C\u00e1mara hab\u00eda hecho una correcta interpretaci\u00f3n del desequilibrio econ\u00f3mico.&nbsp;<\/p>\n\n\n\n<p>Incluso, los<strong>&nbsp;jueces advirtieron que la relaci\u00f3n desigual en el patrimonio<\/strong>&nbsp;no era solo fruto del matrimonio sino de toda la relaci\u00f3n de veinte a\u00f1os y en la que se acumul\u00f3 un importante patrimonio a nombre del exesposo.&nbsp;<\/p>\n\n\n\n<p>En Argentina, este fallo se une a otras decisiones similares que destacan la importancia de reparar las\u00a0<strong>desigualdades econ\u00f3micas\u00a0<\/strong>que persisten tras el<strong>\u00a0divorcio\u00a0<\/strong>y que, en muchos casos,<strong>\u00a0impactan de forma desproporcionada sobre las mujeres<\/strong>.<\/p>\n\n\n\n<p><strong>Fuente: www.elsol.com.ar<\/strong><\/p>\n","protected":false},"excerpt":{"rendered":"<p>La&nbsp;Suprema Corte de Justicia de Mendoza&nbsp;sentenci\u00f3 que un hombre le otorgue una&nbsp;compensaci\u00f3n econ\u00f3mica&nbsp;a su exesposa, en un conflicto judicial por el divorcio&nbsp;del matrimonio. El fallo de la Sala Primera, con votos de&nbsp;Teresa Day,&nbsp;Julio G\u00f3mez&nbsp;y&nbsp;Pedro Llorente, cobr\u00f3 relevancia al aplicar&nbsp;perspectiva de g\u00e9nero, ya que entendi\u00f3 que hubo&nbsp;desigualdad patrimonial&nbsp;entre los involucrados.&nbsp; Se trata de una relaci\u00f3n que [&hellip;]<\/p>\n","protected":false},"author":2,"featured_media":9910,"comment_status":"open","ping_status":"open","sticky":false,"template":"","format":"standard","meta":[],"categories":[50],"tags":[],"_links":{"self":[{"href":"https:\/\/pasaenmendoza.com\/index.php?rest_route=\/wp\/v2\/posts\/9909"}],"collection":[{"href":"https:\/\/pasaenmendoza.com\/index.php?rest_route=\/wp\/v2\/posts"}],"about":[{"href":"https:\/\/pasaenmendoza.com\/index.php?rest_route=\/wp\/v2\/types\/post"}],"author":[{"embeddable":true,"href":"https:\/\/pasaenmendoza.com\/index.php?rest_route=\/wp\/v2\/users\/2"}],"replies":[{"embeddable":true,"href":"https:\/\/pasaenmendoza.com\/index.php?rest_route=%2Fwp%2Fv2%2Fcomments&post=9909"}],"version-history":[{"count":1,"href":"https:\/\/pasaenmendoza.com\/index.php?rest_route=\/wp\/v2\/posts\/9909\/revisions"}],"predecessor-version":[{"id":9911,"href":"https:\/\/pasaenmendoza.com\/index.php?rest_route=\/wp\/v2\/posts\/9909\/revisions\/9911"}],"wp:featuredmedia":[{"embeddable":true,"href":"https:\/\/pasaenmendoza.com\/index.php?rest_route=\/wp\/v2\/media\/9910"}],"wp:attachment":[{"href":"https:\/\/pasaenmendoza.com\/index.php?rest_route=%2Fwp%2Fv2%2Fmedia&parent=9909"}],"wp:term":[{"taxonomy":"category","embeddable":true,"href":"https:\/\/pasaenmendoza.com\/index.php?rest_route=%2Fwp%2Fv2%2Fcategories&post=9909"},{"taxonomy":"post_tag","embeddable":true,"href":"https:\/\/pasaenmendoza.com\/index.php?rest_route=%2Fwp%2Fv2%2Ftags&post=9909"}],"curies":[{"name":"wp","href":"https:\/\/api.w.org\/{rel}","templated":true}]}}