{"id":991,"date":"2023-08-28T16:23:19","date_gmt":"2023-08-28T14:23:19","guid":{"rendered":"https:\/\/pasaenmendoza.com\/?p=991"},"modified":"2023-08-28T16:23:20","modified_gmt":"2023-08-28T14:23:20","slug":"elecciones-2023-estos-son-los-5-candidatos-que-van-por-la-intendencia-de-las-heras","status":"publish","type":"post","link":"https:\/\/pasaenmendoza.com\/?p=991","title":{"rendered":"Elecciones 2023: estos son los 5 candidatos que van por la intendencia de Las Heras"},"content":{"rendered":"\n<p>El pasado 11 de junio se realizaron en Mendoza las<strong>\u00a0Primarias Abiertas Simult\u00e1neas y Obligatorias (<\/strong>PASO)\u00a0para cargos provinciales y municipales, a excepci\u00f3n de siete comunas, donde ya eligieron a sus candidatos a intendente y concejales.<\/p>\n\n\n\n<p>El&nbsp;<strong>3 de septiembre<\/strong>&nbsp;Mendoza reanuda su calendario electoral 2023 con las elecciones generales en<strong>&nbsp;esos departamentos<\/strong>.<\/p>\n\n\n\n<p>Las Heras es una de las once comunas (junto a Ciudad, Guaymall\u00e9n, Luj\u00e1n, Jun\u00edn, Rivadavia, San Mart\u00edn, General Alvear, Godoy Cruz, Tupungato, y Malarg\u00fce) que ya eligi\u00f3 a sus candidatos a las intendencias y concejos deliberantes al mismo tiempo que se vot\u00f3 a los candidatos a la gobernaci\u00f3n. Ahora va por las elecciones generales del pr\u00f3ximo 24 de septiembre.<\/p>\n\n\n\n<p><strong>Diario UNO\u00a0<\/strong>habl\u00f3 con cada uno de los candidatos a intendente en tierras lasherinas y cada uno de ellos expres\u00f3 cu\u00e1les ser\u00e1n sus<strong>\u00a0ejes principales<\/strong>\u00a0para transformar el departamento en caso de ganar las elecciones.<\/p>\n\n\n\n<h2 class=\"wp-block-heading\">Estos son los 5 candidatos a intendente<\/h2>\n\n\n\n<h2 class=\"wp-block-heading\">Francisco Lo Presti (Cambia Mendoza)<\/h2>\n\n\n\n<p>Francisco Lo Presti<strong>\u00a0es el aspirante que tiene Cambia Mendoza para el cargo que actualmente ocupa Daniel Orozco.\u00a0<\/strong>Su nombre surgi\u00f3 de una interna en la que enfrent\u00f3 a uno de los hist\u00f3ricos del radicalismo en la comuna:<strong>\u00a0Daniel \u201cOso\u201d Tello. E<\/strong>sa elecci\u00f3n tuvo la particularidad de enfrentar a dos de los hombres que supieron ser fuertes en la gesti\u00f3n actual (adem\u00e1s de Germ\u00e1n P\u00e9rez, quien iba por el sector de\u00a0<strong>Luis Petri<\/strong>), pero que terminaron\u00a0<strong>alej\u00e1ndose del orozquismo\u00a0<\/strong>cuando el jefe comunal se alej\u00f3 de la coalici\u00f3n para\u00a0<strong>fundar otro frente.<\/strong><\/p>\n\n\n\n<p>A partir de eso, tanto Tello como Lo Presti<strong>, quien dio un paso al frente al quedarse con las PASO del oficialismo,<\/strong>&nbsp;marcaron con mayor profundidad sus cr\u00edticas hacia la forma de conducir Las Heras que&nbsp;<strong>tiene el actual candidato a la vicegobernaci\u00f3n. Con denuncias en la Justicia incluidas,<\/strong>&nbsp;la intendencia de calle San Miguel se ha tornado una de las&nbsp;<strong>batallas pol\u00edticas del a\u00f1o&nbsp;<\/strong>en Mendoza.<\/p>\n\n\n\n<p>Lo Presti es&nbsp;<strong>descendiente de abuelos italianos,&nbsp;<\/strong>que de acuerdo a lo que comunicaron en su equipo,&nbsp;<strong>eligieron Las Heras para fundar su nueva vida en el pa\u00eds y \u201cle transmitieron los valores con los que conduce su vida\u201d .&nbsp;<\/strong>\u201cEste departamento es mi casa, son mis afectos; es mi vida entera\u201d, le dijo a&nbsp;<strong>Diario UNO<\/strong>. Adem\u00e1s es egresado de la Universidad Nacional de Cuyo y<strong>&nbsp;ha trabajado en su estructura. Tanto en el Hospital Universitario como en el Rectorado y la Facultad de Derecho.<\/strong><\/p>\n\n\n\n<p>Trabaj\u00f3 en la actividad privada desde joven, en la organizaci\u00f3n de eventos y congresos. Adem\u00e1s, es docente de una escuela t\u00e9cnica \u2013 hidr\u00e1ulica; la 4-112 \u201cProfesor Antonio Douglas Gurgui\u201d.<strong>\u00a0En la Municipalidad de Las Heras se desempe\u00f1\u00f3 como jefe de Gabinete,<\/strong>\u00a0secretario de\u00a0<strong>Gobierno<\/strong>, secretario de\u00a0<strong>Hacienda<\/strong>, secretario de\u00a0<strong>Obras P\u00fabicas\u00a0<\/strong>y presidente de<strong>\u00a0SAU\u00a0<\/strong>(Sociedad An\u00f3nima Unipersonal).<\/p>\n\n\n\n<p>&#8220;Es imprescindible la escucha activa para poder llevar a cabo\u00a0<strong>pol\u00edticas p\u00fablicas que puedan ser apropiadas para los vecinos.\u00a0<\/strong>El futuro de Las Heras ser\u00e1 la suma de los sue\u00f1os individuales en un\u00a0<strong>sue\u00f1o\u00a0<\/strong>colectivo&#8221;, cerr\u00f3.<\/p>\n\n\n\n<h2 class=\"wp-block-heading\"><strong>Tres ejes para transformar Las Heras<\/strong><\/h2>\n\n\n\n<ul>\n<li>&nbsp;<strong>Combatir&nbsp;<\/strong>la inseguridad. Vamos a generar un departamento seguro trabajando articuladamente con la provincia, sumando mayor presencia del Estado y aplicando innovaci\u00f3n tecnol\u00f3gica con c\u00e1maras y centro de monitoreo, coordinado con la gesti\u00f3n provincial.<\/li>\n\n\n\n<li><strong>Generar&nbsp;<\/strong>empleo. Impulsando las obras de infraestructura necesaria, sobre todo en el parque industrial, lograremos que el a\u00f1o que viene se instalen 150 empresas. Tendr\u00edamos 1500 puestos de trabajo, en promedio, inicialmente.<\/li>\n\n\n\n<li><strong>Trabajar\u00a0<\/strong>en las primeras infancias, poniendo atenci\u00f3n en los jardines maternales. El adulto de ma\u00f1ana es el ni\u00f1o de hoy.<\/li>\n<\/ul>\n\n\n\n<h2 class=\"wp-block-heading\">Mart\u00edn Bustos (La Uni\u00f3n Mendocina)<\/h2>\n\n\n\n<p><strong>Mart\u00edn Bustos tiene 41 a\u00f1os y es lasherino de familia radical.&nbsp;<\/strong>A principios de a\u00f1o<strong>, el intendente Orozco lo design\u00f3 como su candidato a la sucesi\u00f3n,&nbsp;<\/strong>para lograr se contin\u00fae la l\u00ednea con la que maneja la intendencia desde<strong>&nbsp;hace casi ocho a\u00f1os.&nbsp;<\/strong>Con el cambio del m\u00e9dico desde&nbsp;<strong>Cambia Mendoza hacia La Uni\u00f3n Mendocina<\/strong>, Bustos lo acompa\u00f1\u00f3, permaneciendo como el&nbsp;<strong>elegido&nbsp;<\/strong>para competir en las PASO.<\/p>\n\n\n\n<p>All\u00ed, lo hizo e<strong>n una interna contra otro de los aspirantes\u00a0<\/strong>que ten\u00eda la coalici\u00f3n: el exministro de\u00a0<strong>Francisco &#8220;Paco&#8221; P\u00e9rez Diego Mart\u00ednez Palau.\u00a0<\/strong>Tras quedarse con los comicios e<strong>l 11 de junio, avanz\u00f3 hacia las generales con La Uni\u00f3n Mendocina<\/strong>\u00a0quedando en segundo lugar detr\u00e1s del oficialismo provincial pero siendo \u00e9l el precandidato\u00a0<strong>m\u00e1s votado a nivel individual, con 18.974 votos.<\/strong><\/p>\n\n\n\n<p><strong>Condujo el Concejo Deliberante hasta mediados de 2023.&nbsp;<\/strong>Precisamente, en la semana post elecciones qued\u00f3 seleccionado como el sucesor de Francisco Lo Presti en Secretar\u00eda de Servicios P\u00fablicos de la comuna. De esa manera, abandon\u00f3 la presidencia del HCD para entrar en un cargo que, de acuerdo a sus palabras,<strong>&nbsp;\u00e9l mismo le solicit\u00f3 ocupar a Orozco.<\/strong><\/p>\n\n\n\n<p>Lasherino y de familia radical, Bustos est\u00e1 casado y tiene una hija. Alg<strong>unos de los que lo conocen dijeron a Diario UNO que es &#8220;sencillo y de perfil bajo, pero con profundas convicciones&#8221;<\/strong>. Es amante de las artes marciales y un dato poco conocido del dirigente es que lleg\u00f3 a ser<strong>\u00a0cintur\u00f3n negro de karate,\u00a0<\/strong>un logro que suele requerir una media de seis a\u00f1os para alcanzarse en esa disciplina.<\/p>\n\n\n\n<h2 class=\"wp-block-heading\"><strong>Tres ejes para transformar Las Heras<\/strong><\/h2>\n\n\n\n<ul>\n<li>&nbsp;<strong>Continuar&nbsp;<\/strong>mejorando, transformando y desarrollando Las Heras, dando continuidad a la gran gesti\u00f3n del intendente Daniel Orozco.<\/li>\n\n\n\n<li><strong>Seguir&nbsp;<\/strong>trabajando en obras para los vecinos, como la creaci\u00f3n de nuevos espacios verdes, luminaria y asfalto. Tambi\u00e9n en la seguridad con la Guardia Urbana Municipal, que seg\u00fan afirmaron en su equipo, duplic\u00f3 la cantidad de veh\u00edculos<br><strong>Ejecutar&nbsp;<\/strong>la obra de agua del Pedemonte iniciada por Orozco, que beneficiar\u00e1 a decenas de miles de vecinos.<\/li>\n<\/ul>\n\n\n\n<h2 class=\"wp-block-heading\">Adriana Cano (Eleg\u00ed Mendoza)<\/h2>\n\n\n\n<p><strong>Adriana Cano<\/strong>&nbsp;tiene 40 A\u00f1os, es abogada y docente, y actualmente es&nbsp;<strong>senadora provincial por el Primer Distrito.&nbsp;<\/strong>En la C\u00e1mara Alta se desempe\u00f1a como una de las figuras destacadas del justicialismo, y adem\u00e1s es la<strong>&nbsp;secretaria general del PJ departamental.&nbsp;<\/strong>En este a\u00f1o qued\u00f3&nbsp;<strong>designada&nbsp;<\/strong>como una de las aspirantes a la intendencia y se qued\u00f3 con la&nbsp;<strong>interna del frente Eleg\u00ed con m\u00e1s de 5 mil votos.<\/strong><\/p>\n\n\n\n<p>Cano fue directora de\u00a0<strong>Relaciones Institucionales de la comuna, concejal, fue parte de la Juventud Peronista\u00a0<\/strong>y adem\u00e1s es parte de la rama femenina del PJ. Tras recibirse de abogada, puso en marcha un\u00a0<strong>estudio jur\u00eddico contable junto a su compa\u00f1ero, Israel.<\/strong>\u00a0All\u00ed, afirman que llevan una<strong>\u00a0forma de trabajo que apunta ayudar a otros desde la profesi\u00f3n,\u00a0<\/strong>como servicio a la comunidad.<\/p>\n\n\n\n<p>Cano apunta a trabajar en la<strong>&nbsp;seguridad del departamento.&nbsp;<\/strong>Afirma que los vecinos no viven tranquilos y que tienen miedo de acciones cotidianas como tomar el colectivo, pararse en un sem\u00e1foro o abrir los portones de sus casas<strong>. &#8220;Sienten y saben que s\u00f3lo hay c\u00e1maras para multarlos. Est\u00e1n desprotegidos,<\/strong>&nbsp;porque no hay un gobierno provincial ocup\u00e1ndose y mucho menos el del municipio&#8221;, se\u00f1al\u00f3.<\/p>\n\n\n\n<p>Es hija de Gustavo y Elena.\u00a0<strong>Naci\u00f3, creci\u00f3 y vive en Las Heras, lugar donde tambi\u00e9n se desarrolla como docente en el Instituto de Educaci\u00f3n Superior Patria Grande.\u00a0<\/strong>Asegura que nunca dej\u00f3 de militar, &#8220;porque la militancia es un compromiso de vida y no una circunstancia\u201d.<\/p>\n\n\n\n<p>\u201cJunto a un gran equipo de profesionales, j\u00f3venes y mujeres, proyectamos,&nbsp;<strong>nos preparamos y estamos convencidos en que vamos a gobernar Las Heras<\/strong>&nbsp;para transformarla y que sea el departamento que los lasherinos y lasherinas so\u00f1amos. Con un municipio<strong>&nbsp;ordenado, transparente y cerca de los vecinos.<\/strong>&nbsp;Por eso seguimos caminando, conociendo realidades y gestionando&nbsp;<strong>soluciones<\/strong>.\u201d , expres\u00f3.<\/p>\n\n\n\n<h2 class=\"wp-block-heading\"><strong>Tres ejes para transformar Las Heras<\/strong><\/h2>\n\n\n\n<ul>\n<li>&nbsp;<strong>Seguridad 360\u00b0:&nbsp;<\/strong>Implica reiluminar con luces LED y reconvertir las c\u00e1maras de fotomultas a c\u00e1maras de seguridad, creando un verdadero Centro de Monitoreo Municipal. Refuncionalizar la Guardia Urbana para tener m\u00e1s presencia en los barrios. &#8221;&nbsp;El Municipio debe tomar un rol protag\u00f3nico en el abordaje de la seguridad ciudadana&#8221;.<\/li>\n\n\n\n<li><strong>Enfoque humano para la salud:<\/strong>&nbsp;&#8220;Enfermarse en Las Heras es uno de los grandes temores, ya que el acceso a centros de salud es restringido. La Provincia abandon\u00f3 el sistema de salud, y el municipio est\u00e1 convencido que no es tarea de su competencia. Los centros de salud est\u00e1n desfinanciados, no hay turnos ni profesionales&#8221;. Apunta en especial a la salud de los j\u00f3venes y a programas de detecci\u00f3n y abordaje de patolog\u00edas mentales. &#8220;Hay que mirar a las madres de j\u00f3venes adictos a la cara, y comprometerse a ayudarlos. Las adicciones siguen consumiendo nuestros j\u00f3venes, y los empujan a la delincuencia, al aislamiento, y la muerte&#8221;. Ofrece opciones de recuperaci\u00f3n &#8220;serias y sostenidas&#8221;.<\/li>\n\n\n\n<li><strong>Desarrollo econ\u00f3mico y empleo:\u00a0<\/strong>&#8220;Hoy nuestro departamento no genera oportunidades para nuestros j\u00f3venes, ni fomenta las inversiones. Necesitamos un municipio ocup\u00e1ndose de ser el nexo entre empresas, consumidores, emprendedores y quienes buscan empleo. Desde ese rol protag\u00f3nico, crearemos la Agencia Municipal de capacitaci\u00f3n de empleo, vinculada con c\u00e1maras empresariales e incorporando nuevas formas de trabajo, esquemas de redes entre emprendedores y empresarios, y la conformaci\u00f3n de clusters que integren cadenas de valor. Asegura que la comuna se tornar\u00e1 un polo &#8220;neur\u00e1lgico&#8221; por su centralidad en las comunicaciones.<\/li>\n<\/ul>\n\n\n\n<h2 class=\"wp-block-heading\">Edu Gonz\u00e1lez Di Pietro (Partido Verde)<\/h2>\n\n\n\n<p><strong>Eduardo Gonz\u00e1lez Di Pietro es ecologista, tiene 28 a\u00f1os y es soltero.\u00a0<\/strong>Forma parte del programa de Seguridad Ciudadana (Preventores y Tr\u00e1nsito) de la ciudad de Mendoza. Es m\u00fasico, compositor y estudi\u00f3\u00a0<strong>Redes y Telecomunicaciones en el Instituto Tecnol\u00f3gico Universitario de Mendoza.\u00a0<\/strong>Se define como partidario de la verdad y la justicia social y amante de los animales.<\/p>\n\n\n\n<p>En las elecciones del 11 de junio&nbsp;<strong>obtuvo m\u00e1s de 5.300 votos, quedando en cuarto lugar detr\u00e1s de los partidos tradicionales&nbsp;<\/strong>y La Uni\u00f3n Mendocina, el oficialismo municipal. Seg\u00fan asegur\u00f3, Las Heras debe ser &#8220;<strong>un lugar seguro para la familia&#8221;&nbsp;<\/strong>y por eso propone una Guardia Urbana Municipal &#8220;que no est\u00e9 enfocada en hacer fotomultas, sino en<strong>&nbsp;proteger a los vecinos y las vecinas&#8221;.<\/strong><\/p>\n\n\n\n<p><strong>Adem\u00e1s, el candidato consider\u00f3 que el personal de ese cuerpo est\u00e1 desperdiciad<\/strong>o y deber\u00eda profesionalizarse. Para ello sugiere trabajar atendiendo a las versiones de los vecinos respecto a cu\u00e1les son sus necesidades.\u00a0<strong>Promete hacer esto generando di\u00e1logo y una comunicaci\u00f3n fluida con esa comunidad.\u00a0<\/strong>&#8220;Tenemos que tener agentes altamente capacitados en\u00a0<strong>prevenci\u00f3n del delito.<\/strong>\u00a0La seguridad ciudadana es un derecho de todos\u201d, afirm\u00f3.<\/p>\n\n\n\n<p><strong>Di Pietro considera que el departamento tiene que recuperar los espacios p\u00fablicos&nbsp;<\/strong>comprendiendo la arboleda, luminarias calles y veredas. Apunt\u00f3 a que existe una normativa provincial, la<strong>&nbsp;ley 7874, de Arbolado P\u00fablico<\/strong>, y que esta es fundamental para garantizar la protecci\u00f3n y conservaci\u00f3n adecuada de esos espacios verdes; tema central para su espacio de gobierno.<\/p>\n\n\n\n<p>Adem\u00e1s, Gonz\u00e1lez Di Pietro dio a conocer su disconformidad con las calles del departamento que se encuentran, de acuerdo a su definici\u00f3n, intransitables: &#8220;Hay baches, pozos, roturas de ca\u00f1os que no cesan, y pese a todo tenemos que<strong>&nbsp;pagar la RTO y a los pocos meses volver a reemplazar piezas de los veh\u00edculos que se rompen por transitar en estas condiciones.&nbsp;<\/strong>Cuando hablamos de veredas hay que pensar en inclusi\u00f3n de personas con discapacidad motriz y personas de la tercera edad. Se trata de la accesibilidad y&nbsp;<strong>bienestar de todos los vecinos y vecinas de Las Heras&#8221;,&nbsp;<\/strong>finaliz\u00f3.<\/p>\n\n\n\n<h2 class=\"wp-block-heading\"><strong>Tres ejes para transformar Las Heras<\/strong><\/h2>\n\n\n\n<ul>\n<li>&nbsp;<strong>Recuperaci\u00f3n de los espacios p\u00fablicos:<\/strong>&nbsp;&#8220;El arbolado p\u00fablico desempe\u00f1a un papel crucial en el desarrollo y bienestar de toda la comunidad. Tienen un impacto positivo en el bienestar social de la comunidad dado que la presencia de \u00e1reas verdes y arbolado p\u00fablico est\u00e1 asociada con una mayor satisfacci\u00f3n de los ciudadanos, con la mejora la salud mental y f\u00edsica, y una mayor interacci\u00f3n social. La luminaria es determinante en cuanto a los temas de seguridad y ahorro energ\u00e9tico si pensamos en el reemplazo de las l\u00e1mparas por luminarias led, que es tan necesario extenderlo a todo el departamento&#8221;. Apunta a mejorar el alumbrado p\u00fablico y a invertir en infraestructura para recuperar calles y veredas.<\/li>\n<\/ul>\n\n\n\n<ul>\n<li>&nbsp;<strong>Apoyo a la creaci\u00f3n del Parque nacional Uspallata:&nbsp;<\/strong>&#8220;El desarrollo de la industria del turismo sostenible y parques nacionales es relevante para el presente y el futuro de nuestra provincia. El turismo sostenible es una forma de viajar que respeta el medio ambiente, la cultura y el desarrollo de las comunidades locales, al mismo tiempo que genera beneficios econ\u00f3micos, sociales y ambientales&#8221;. Apunta a la creaci\u00f3n de ese parque nacional y afirma que \u00e9ste contribuir\u00e1 con la conservaci\u00f3n de ecosistemas y la reducci\u00f3n de la huella ecol\u00f3gica. &#8220;Impulsaremos el crecimiento econ\u00f3mico generando innovaci\u00f3n y competitividad mediante el uso de tecnolog\u00edas limpias, la transformaci\u00f3n digital, la capacitaci\u00f3n y la comunicaci\u00f3n&#8221;.<\/li>\n\n\n\n<li><strong>Plan de seguridad ciudadana :\u00a0<\/strong>Desde el estado municipal, apunta a proveer de una directriz clara en funciones a los agentes municipales. &#8220;Garantizaremos el incentivo econ\u00f3mico y exigiremos la implementaci\u00f3n de un din\u00e1mico programa de capacitaci\u00f3n, comok tambi\u00e9n tecnolog\u00eda adecuada para comunicaciones y permitir responder a los hechos que requiera la ciudadan\u00eda&#8221;. Apunta a tener un centro de operaciones que brinde la asistencia y soluci\u00f3n a prblemas, &#8220;sin dilaciones ni tr\u00e1mites burocr\u00e1ticos&#8221;.<\/li>\n<\/ul>\n\n\n\n<h2 class=\"wp-block-heading\">Edgardo Videla (Frente de Izquierda y Trabajadores)<\/h2>\n\n\n\n<p><strong>Edgardo Videla es obrero de la industria maderera, trabaja en la firma Cuyoplacas<\/strong>\u00a0desde 1999 y desde el a\u00f1o 2000\u00a0<strong>se desempe\u00f1a como delegado gremial,<\/strong>\u00a0representando a sus compa\u00f1eros ante la patronal.<\/p>\n\n\n\n<p>Ante la consulta de<strong>&nbsp;UNO, afirm\u00f3 que si bien siempre se consider\u00f3 un votante de izquierda,&nbsp;<\/strong>fue en esa empresa que conoci\u00f3, como compa\u00f1ero de trabajo, al actual candidato a gobernador Lautaro Jim\u00e9nez.&nbsp;<strong>&#8220;\u00c9l me invit\u00f3 a unirme al Partido de los Trabajadores Socialistas<\/strong>&nbsp;cuando reci\u00e9n se conformaba el Frente de Izquierda, al que finalmente me sum\u00e9 a militar activamente a partir de 2013&#8243;, aport\u00f3.<\/p>\n\n\n\n<p>&#8220;<strong>Seducido por el concepto de que somos trabajadores haciendo pol\u00edtica desde una perspectiva propia,\u00a0<\/strong>desde una perspectiva de clase, lejos de los pol\u00edticos que en general, hacen pol\u00edtica a partir de asegurar las ganancias de los grandes capitales, hoy tengo el honor de ser candidato a la Intendencia de Las Heras&#8221;, fue otra de sus declaraciones.<\/p>\n\n\n\n<p><strong>Gonz\u00e1lez ya hab\u00eda sido candidato a legislador provincial en 2021 y en las Primarias Abiertas del 11 de junio&nbsp;<\/strong>de este a\u00f1o, qued\u00f3 en quinto lugar con su coalici\u00f3n, el FIT &#8211; Unidad. Obtuvo m\u00e1s de 3 mil votos&nbsp;<strong>y derrot\u00f3 a Carlos Capurro, su rival en la interna,&nbsp;<\/strong>representante del Polo Obrero. Tras ello, la campa\u00f1a de Gonz\u00e1lez apunt\u00f3 entre otras cosas a los&nbsp;<strong>&#8220;esc\u00e1ndalos de (presunta) corrupci\u00f3n del municipio&#8221;<\/strong>&nbsp;y a las necesidades estructurales. &#8220;Son una deuda para con quienes viven en el departamento&#8221;, aport\u00f3.<\/p>\n\n\n\n<h2 class=\"wp-block-heading\"><strong>Tres ejes para transformar Las Heras<\/strong><\/h2>\n\n\n\n<ul>\n<li>&nbsp;<strong>Viviendas:&nbsp;<\/strong>&#8220;Debido al d\u00e9ficit habitacional del departamento, proponemos un plan de viviendas accesibles para los trabajadores; la gesti\u00f3n de cr\u00e9ditos baratos a trav\u00e9s del Banco Naci\u00f3n, y un plan de urbanizaci\u00f3n que llegue a todos los barrios, generando trabajo genuino y en blanco.<strong><\/strong>&nbsp;Acompa\u00f1ado de un plan de saneamiento ambiental en el que participen las asambleas socioambientales frente a la contaminaci\u00f3n que generan los basureros que hay en el departamento y los hornos de ladrillo&#8221;.<\/li>\n\n\n\n<li><strong>Incentivar la participaci\u00f3n del vecino mediante asambleas:<\/strong>&nbsp;Propuso que sean por zonas, para decidir en conjunto mejoras que vayan desde recorridos del Mendotran en cada comunidad, hasta la forma de darle soluci\u00f3n a la escasez de agua en los barrios del piedemonte o la planificaci\u00f3n de obras acordes a las necesidades de las asambleas de vecinos.<\/li>\n\n\n\n<li><strong>G\u00e9nero:<\/strong>&nbsp;&#8220;Licencia por violencia de g\u00e9nero para las trabajadoras municipales, centros municipales de servicios sociales para disminuir la carga del trabajo dom\u00e9stico, cuidado de adultos mayores y acceso a la recreaci\u00f3n. Adem\u00e1s, equipos interdisciplinarios para prevenir y proteger a las mujeres en situaci\u00f3n de violencia y sus hijos, y garantizar la educaci\u00f3n sexual integral en todas las escuelas para prevenir no solo los enormes \u00edndices de embarazo adolescente, sino tambi\u00e9n todo tipo de violencia y abusos contra ni\u00f1as, ni\u00f1os y adolescentes. Adem\u00e1s, terminar con los privilegios de todos los funcionarios pol\u00edticos y que cobren un sueldo igual a una maestra con 26 a\u00f1os de antig\u00fcedad&#8221;, apunt\u00f3.<\/li>\n<\/ul>\n\n\n\n<p><strong>Fuente: www.diariouno.com.ar<\/strong><\/p>\n","protected":false},"excerpt":{"rendered":"<p>El pasado 11 de junio se realizaron en Mendoza las\u00a0Primarias Abiertas Simult\u00e1neas y Obligatorias (PASO)\u00a0para cargos provinciales y municipales, a excepci\u00f3n de siete comunas, donde ya eligieron a sus candidatos a intendente y concejales. El&nbsp;3 de septiembre&nbsp;Mendoza reanuda su calendario electoral 2023 con las elecciones generales en&nbsp;esos departamentos. Las Heras es una de las once [&hellip;]<\/p>\n","protected":false},"author":2,"featured_media":992,"comment_status":"open","ping_status":"open","sticky":false,"template":"","format":"standard","meta":[],"categories":[47],"tags":[],"_links":{"self":[{"href":"https:\/\/pasaenmendoza.com\/index.php?rest_route=\/wp\/v2\/posts\/991"}],"collection":[{"href":"https:\/\/pasaenmendoza.com\/index.php?rest_route=\/wp\/v2\/posts"}],"about":[{"href":"https:\/\/pasaenmendoza.com\/index.php?rest_route=\/wp\/v2\/types\/post"}],"author":[{"embeddable":true,"href":"https:\/\/pasaenmendoza.com\/index.php?rest_route=\/wp\/v2\/users\/2"}],"replies":[{"embeddable":true,"href":"https:\/\/pasaenmendoza.com\/index.php?rest_route=%2Fwp%2Fv2%2Fcomments&post=991"}],"version-history":[{"count":1,"href":"https:\/\/pasaenmendoza.com\/index.php?rest_route=\/wp\/v2\/posts\/991\/revisions"}],"predecessor-version":[{"id":994,"href":"https:\/\/pasaenmendoza.com\/index.php?rest_route=\/wp\/v2\/posts\/991\/revisions\/994"}],"wp:featuredmedia":[{"embeddable":true,"href":"https:\/\/pasaenmendoza.com\/index.php?rest_route=\/wp\/v2\/media\/992"}],"wp:attachment":[{"href":"https:\/\/pasaenmendoza.com\/index.php?rest_route=%2Fwp%2Fv2%2Fmedia&parent=991"}],"wp:term":[{"taxonomy":"category","embeddable":true,"href":"https:\/\/pasaenmendoza.com\/index.php?rest_route=%2Fwp%2Fv2%2Fcategories&post=991"},{"taxonomy":"post_tag","embeddable":true,"href":"https:\/\/pasaenmendoza.com\/index.php?rest_route=%2Fwp%2Fv2%2Ftags&post=991"}],"curies":[{"name":"wp","href":"https:\/\/api.w.org\/{rel}","templated":true}]}}