{"id":9915,"date":"2024-11-04T14:35:53","date_gmt":"2024-11-04T13:35:53","guid":{"rendered":"https:\/\/pasaenmendoza.com\/?p=9915"},"modified":"2024-11-04T14:35:54","modified_gmt":"2024-11-04T13:35:54","slug":"con-el-ingreso-de-un-frente-frio-asi-estara-el-tiempo-en-mendoza-este-lunes","status":"publish","type":"post","link":"https:\/\/pasaenmendoza.com\/?p=9915","title":{"rendered":"Con el ingreso de un frente fr\u00edo, as\u00ed estar\u00e1 el tiempo en Mendoza este lunes"},"content":{"rendered":"\n<p>El pron\u00f3stico para este lunes en Mendoza indica una jornada con nubosidad variable y descenso de la temperatura, por el ingreso de un frente fr\u00edo.<\/p>\n\n\n\n<p>Adem\u00e1s, se esperan vientos moderados del sector sur rotando al noreste. La m\u00e1xima pronosticada es de 23 grados y la m\u00ednima de 17. Poco nuboso en cordillera.<\/p>\n\n\n\n<p>Para el martes, el pron\u00f3stico de Contingencias Clim\u00e1ticas se\u00f1ala que estar\u00e1 algo nublado con ascenso de la temperatura, vientos moderados del noreste. Parcialmente nublado en cordillera.<\/p>\n\n\n\n<p><strong>Fuente: www.elsol.com.ar<\/strong><\/p>\n","protected":false},"excerpt":{"rendered":"<p>El pron\u00f3stico para este lunes en Mendoza indica una jornada con nubosidad variable y descenso de la temperatura, por el ingreso de un frente fr\u00edo. Adem\u00e1s, se esperan vientos moderados del sector sur rotando al noreste. La m\u00e1xima pronosticada es de 23 grados y la m\u00ednima de 17. Poco nuboso en cordillera. Para el martes, [&hellip;]<\/p>\n","protected":false},"author":2,"featured_media":9916,"comment_status":"open","ping_status":"open","sticky":false,"template":"","format":"standard","meta":[],"categories":[52],"tags":[],"_links":{"self":[{"href":"https:\/\/pasaenmendoza.com\/index.php?rest_route=\/wp\/v2\/posts\/9915"}],"collection":[{"href":"https:\/\/pasaenmendoza.com\/index.php?rest_route=\/wp\/v2\/posts"}],"about":[{"href":"https:\/\/pasaenmendoza.com\/index.php?rest_route=\/wp\/v2\/types\/post"}],"author":[{"embeddable":true,"href":"https:\/\/pasaenmendoza.com\/index.php?rest_route=\/wp\/v2\/users\/2"}],"replies":[{"embeddable":true,"href":"https:\/\/pasaenmendoza.com\/index.php?rest_route=%2Fwp%2Fv2%2Fcomments&post=9915"}],"version-history":[{"count":1,"href":"https:\/\/pasaenmendoza.com\/index.php?rest_route=\/wp\/v2\/posts\/9915\/revisions"}],"predecessor-version":[{"id":9917,"href":"https:\/\/pasaenmendoza.com\/index.php?rest_route=\/wp\/v2\/posts\/9915\/revisions\/9917"}],"wp:featuredmedia":[{"embeddable":true,"href":"https:\/\/pasaenmendoza.com\/index.php?rest_route=\/wp\/v2\/media\/9916"}],"wp:attachment":[{"href":"https:\/\/pasaenmendoza.com\/index.php?rest_route=%2Fwp%2Fv2%2Fmedia&parent=9915"}],"wp:term":[{"taxonomy":"category","embeddable":true,"href":"https:\/\/pasaenmendoza.com\/index.php?rest_route=%2Fwp%2Fv2%2Fcategories&post=9915"},{"taxonomy":"post_tag","embeddable":true,"href":"https:\/\/pasaenmendoza.com\/index.php?rest_route=%2Fwp%2Fv2%2Ftags&post=9915"}],"curies":[{"name":"wp","href":"https:\/\/api.w.org\/{rel}","templated":true}]}}