{"id":9923,"date":"2024-11-04T22:38:37","date_gmt":"2024-11-04T21:38:37","guid":{"rendered":"https:\/\/pasaenmendoza.com\/?p=9923"},"modified":"2024-11-04T22:38:38","modified_gmt":"2024-11-04T21:38:38","slug":"alfredo-cornejo-pidio-acuerdos-de-libre-comercio-para-potenciar-el-mercado-de-la-ciruela-en-el-exterior","status":"publish","type":"post","link":"https:\/\/pasaenmendoza.com\/?p=9923","title":{"rendered":"Alfredo Cornejo pidi\u00f3 acuerdos de libre comercio para potenciar el mercado de la ciruela en el exterior"},"content":{"rendered":"\n<p><strong>Alfredo Cornejo\u00a0<\/strong>pidi\u00f3 a la Naci\u00f3n acuerdos de libre comercio para potenciar el mercado de la\u00a0<strong>ciruela\u00a0<\/strong>en el mundo. Lo hizo al abrir el congreso mundial que se desarrolla en<strong>\u00a0San Rafael\u00a0<\/strong>y que busca crear una hoja de ruta para industria.<\/p>\n\n\n\n<p>Este encuentro internacional es el primero que se realiza en el pa\u00eds y es organizado por la<strong>&nbsp;International Prune Association (IPA)<\/strong>, que recibe a los productores y exportadores m\u00e1s importantes del mundo y cuyo titular es Francisco Araujo.<\/p>\n\n\n\n<p>Durante el evento, el gobernador se encontr\u00f3 con los intendentes del Sur, Omar F\u00e9lix &#8211;<strong>San Rafael<\/strong>&#8211; y Alejandro Molero &#8211; General Alvear-.<\/p>\n\n\n\n<h2 class=\"wp-block-heading\">Acuerdos y reducci\u00f3n de aranceles para la ciruela<\/h2>\n\n\n\n<p>En el congreso, se se\u00f1al\u00f3 que ya hay avances con&nbsp;<strong>China&nbsp;<\/strong>de un acuerdo fitosanitario y tambi\u00e9n se est\u00e1n negociando rebajas arancelarias con&nbsp;<strong>Estados Unidos, M\u00e9xico, la Uni\u00f3n Europea<\/strong>&nbsp;y algunos pa\u00edses \u00e1rabes.<\/p>\n\n\n\n<p>Para Mendoza estas novedades son importantes dado que es la provincia que tiene la mayor producci\u00f3n de&nbsp;<strong>ciruela&nbsp;<\/strong>en el pa\u00eds.<\/p>\n\n\n\n<p><strong>Alfredo Cornejo<\/strong>&nbsp;fue el encargado de abrir el evento: &#8220;Quiero poner de relieve que Argentina est\u00e9 nuevamente en esta organizaci\u00f3n y que sea sede de este encuentro en un lugar donde la producci\u00f3n de&nbsp;<strong>ciruela&nbsp;<\/strong>tiene alto impacto en nuestro territorio&#8221;, dijo.<\/p>\n\n\n\n<p>&#8220;Nuestra&nbsp;<strong>agricultura&nbsp;<\/strong>y todo su ecosistema requieren de una organizaci\u00f3n muy superior a otros lugares de nuestro pa\u00eds\u201d, expres\u00f3 el gobernador en relaci\u00f3n a la aridez del suelo y la escasez del agua.<\/p>\n\n\n\n<p>Cornejo destac\u00f3 a la&nbsp;<strong>ciruela&nbsp;<\/strong>como uno de los principales productos exportables de la provincia y apunt\u00f3 que significa alrededor de 70 millones de d\u00f3lares de la exportaci\u00f3n de Mendoza.<\/p>\n\n\n\n<p>Tambi\u00e9n se\u00f1al\u00f3 que se puede hacer crecer m\u00e1s esas exportaciones: \u201cCreemos que la ventana de oportunidades de estabilidad macroecon\u00f3mica puede hacer crecer nuestra producci\u00f3n y mucho m\u00e1s nuestras exportaciones\u201d, sostuvo, y puso en valor a los productores, de quien dijo que \u201chan pasado momentos de zozobra y, sin embargo, siguen siendo competitivos. Creemos que podemos hacer m\u00e1s y mejor, no solamente en la&nbsp;<strong>agricultura<\/strong>&nbsp;sino en particular con los frutales\u201d.<\/p>\n\n\n\n<p>En otro momento de su discurso, el Gobernador explic\u00f3 que la agricultura mundial requiere atenci\u00f3n y avances tecnol\u00f3gicos y mencion\u00f3 que en Mendoza el subsidio provincial apoya el sector, aunque la macroeconom\u00eda afecta la competitividad. \u201cNuestra macroeconom\u00eda no ha estado funcionando bien y eso ha afectado buena parte de nuestra tarea. Sin embargo, y este es el mensaje que quiero transmitirles fundamentalmente a quienes vienen de otros pa\u00edses, es que hoy Mendoza y la Argentina est\u00e1 estabilizando su macroeconom\u00eda\u201d, dijo el mandatario. Adem\u00e1s, remarc\u00f3 que en la actualidad los resultados son incipientes en los n\u00fameros macro, pero afirm\u00f3: \u201cCreemos que se abre una ventana de oportunidades para recibir inversiones\u201d.<\/p>\n\n\n\n<p>Teniendo en cuenta este panorama, Cornejo asegur\u00f3 que&nbsp;<strong>Mendoza&nbsp;<\/strong>quiere contribuir a ese crecimiento econ\u00f3mico con mayor infraestructura y afirm\u00f3: \u201cNuestros proyectos apuntan a tener mayor energ\u00eda para la producci\u00f3n de muchas cosas, entre ellos de la ciruela\u201d.<\/p>\n\n\n\n<p>Si bien&nbsp;<strong>Cornejo&nbsp;<\/strong>puso el \u00e9nfasis en lo que puede desarrollar la provincia en favor del crecimiento del sector, pidi\u00f3 al Gobierno nacional que lleve a cabo acuerdos de libre comercio como poseen muchos de los pa\u00edses que hoy visitan el Sur provincial, a trav\u00e9s de sus representantes. \u201cArgentina no puede acceder a esos mercados con precios tan competitivos como quisieran\u201d, afirm\u00f3.<\/p>\n\n\n\n<h2 class=\"wp-block-heading\">La ventaja de Chile<\/h2>\n\n\n\n<p>A su turno, el ministro\u00a0<strong>Vargas Arizu<\/strong>\u00a0puso en valor el potencial del mercado internacional para la exportaci\u00f3n de ciruelas argentinas, especialmente a China, donde la demanda es creciente y podr\u00eda generar m\u00faltiples oportunidades de empleo.<\/p>\n\n\n\n<p>Ante esto, se\u00f1al\u00f3 que este gran potencial se da en un contexto donde los&nbsp;<strong>desaf\u00edos clim\u00e1ticos<\/strong>&nbsp;en Europa est\u00e1n reduciendo la oferta global. \u201cUna vez que se estabilice la macroeconom\u00eda, este es un mercado que ver\u00e1 un fuerte crecimiento\u201d, afirm\u00f3.<\/p>\n\n\n\n<p>El ministro tambi\u00e9n mencion\u00f3 los desaf\u00edos que enfrenta la<strong>\u00a0exportaci\u00f3n de ciruelas argentinas<\/strong>\u00a0debido a los altos aranceles en mercados. \u201cActualmente,\u00a0<strong>Chile\u00a0<\/strong>tiene la ventaja de ingresar al mercado chino con arancel cero, lo cual nos coloca en desventaja competitiva\u201d, afirm\u00f3. Sin embargo, adelant\u00f3 que se esperan avances en las negociaciones para reducir estos aranceles.<\/p>\n\n\n\n<p><strong>Fuente: www.diariouno.com.ar<\/strong><\/p>\n","protected":false},"excerpt":{"rendered":"<p>Alfredo Cornejo\u00a0pidi\u00f3 a la Naci\u00f3n acuerdos de libre comercio para potenciar el mercado de la\u00a0ciruela\u00a0en el mundo. Lo hizo al abrir el congreso mundial que se desarrolla en\u00a0San Rafael\u00a0y que busca crear una hoja de ruta para industria. Este encuentro internacional es el primero que se realiza en el pa\u00eds y es organizado por la&nbsp;International [&hellip;]<\/p>\n","protected":false},"author":2,"featured_media":9924,"comment_status":"open","ping_status":"open","sticky":false,"template":"","format":"standard","meta":[],"categories":[47],"tags":[],"_links":{"self":[{"href":"https:\/\/pasaenmendoza.com\/index.php?rest_route=\/wp\/v2\/posts\/9923"}],"collection":[{"href":"https:\/\/pasaenmendoza.com\/index.php?rest_route=\/wp\/v2\/posts"}],"about":[{"href":"https:\/\/pasaenmendoza.com\/index.php?rest_route=\/wp\/v2\/types\/post"}],"author":[{"embeddable":true,"href":"https:\/\/pasaenmendoza.com\/index.php?rest_route=\/wp\/v2\/users\/2"}],"replies":[{"embeddable":true,"href":"https:\/\/pasaenmendoza.com\/index.php?rest_route=%2Fwp%2Fv2%2Fcomments&post=9923"}],"version-history":[{"count":1,"href":"https:\/\/pasaenmendoza.com\/index.php?rest_route=\/wp\/v2\/posts\/9923\/revisions"}],"predecessor-version":[{"id":9925,"href":"https:\/\/pasaenmendoza.com\/index.php?rest_route=\/wp\/v2\/posts\/9923\/revisions\/9925"}],"wp:featuredmedia":[{"embeddable":true,"href":"https:\/\/pasaenmendoza.com\/index.php?rest_route=\/wp\/v2\/media\/9924"}],"wp:attachment":[{"href":"https:\/\/pasaenmendoza.com\/index.php?rest_route=%2Fwp%2Fv2%2Fmedia&parent=9923"}],"wp:term":[{"taxonomy":"category","embeddable":true,"href":"https:\/\/pasaenmendoza.com\/index.php?rest_route=%2Fwp%2Fv2%2Fcategories&post=9923"},{"taxonomy":"post_tag","embeddable":true,"href":"https:\/\/pasaenmendoza.com\/index.php?rest_route=%2Fwp%2Fv2%2Ftags&post=9923"}],"curies":[{"name":"wp","href":"https:\/\/api.w.org\/{rel}","templated":true}]}}