{"id":9926,"date":"2024-11-04T22:42:54","date_gmt":"2024-11-04T21:42:54","guid":{"rendered":"https:\/\/pasaenmendoza.com\/?p=9926"},"modified":"2024-11-04T22:42:55","modified_gmt":"2024-11-04T21:42:55","slug":"por-primera-vez-le-hicieron-una-tomografia-a-un-condor-herido-para-determinar-su-lesion","status":"publish","type":"post","link":"https:\/\/pasaenmendoza.com\/?p=9926","title":{"rendered":"Por primera vez le hicieron una tomograf\u00eda a un c\u00f3ndor herido para determinar su lesi\u00f3n"},"content":{"rendered":"\n<p>Un\u00a0<strong>c\u00f3ndor<\/strong>\u00a0herido fue sometido a una\u00a0<strong>tomograf\u00eda\u00a0<\/strong>para determinar cu\u00e1l es la lesi\u00f3n que sufri\u00f3 que no le permite caminar con normalidad. El animal llamado\u00a0<strong>We\u00f1i\u00a0<\/strong>est\u00e1 bajo los cuidados de los especialistas de la\u00a0<strong>Fundaci\u00f3n Cullunche<\/strong>. Nunca hasta el momento se hab\u00eda realizado este tipo de estudios a un c\u00f3ndor en Mendoza, lo que permitir\u00e1 conocer mejor la anatom\u00eda de estas aves.<\/p>\n\n\n\n<p>Se trata de un\u00a0<strong>c\u00f3ndor\u00a0<\/strong>de 2 a\u00f1os que pesa 9 kilos que lleg\u00f3 a la\u00a0<strong>Fundaci\u00f3n Cullunche<\/strong>\u00a0luego de haber sido rescatado a mediados de septiembre pasado por la<strong>\u00a0Polic\u00eda Rural\u00a0<\/strong>en Cacheuta, donde lo encontraron muy mal herido.<\/p>\n\n\n\n<p>Ten\u00eda lesiones en sus codos y alas, debido a que como no puede caminar bien, se apoyaba como pod\u00eda para hacerlo. Esas heridas sanaron desde que est\u00e1 bajo los cuidados de la&nbsp;<strong>Fundaci\u00f3n Cullunche<\/strong>, pero siguen preocupados debido a que&nbsp;<strong>We\u00f1i<\/strong>, como lo llamaron, debido a que tiene &#8220;incoordinaci\u00f3n e imposibilidad de caminar con normalidad&#8221;, lo que significa que si no se puede revertir&nbsp;<strong>no podr\u00e1 ser liberado<\/strong>.<\/p>\n\n\n\n<p><strong>Jennifer Ibarra<\/strong>, titular de la&nbsp;<strong>Fundaci\u00f3n Cullunche<\/strong>, explic\u00f3 que cuando recibieron al c\u00f3ndor lo primero que hicieron fue curarle sus heridas, le sacaron sangre y le realizaron radiograf\u00edas para encontrar posibles lesiones.<\/p>\n\n\n\n<h2 class=\"wp-block-heading\">Primera tomograf\u00eda a un c\u00f3ndor en Mendoza<\/h2>\n\n\n\n<p>Los especialistas creen que sufri\u00f3 un&nbsp;<strong>golpe&nbsp;<\/strong>y por eso no puede caminar bien. Si bien est\u00e1 en tratamiento, como&nbsp;<strong>We\u00f1i&nbsp;<\/strong>no mejora como esperaban, fue que se organizaron con diferentes especialistas para realizarle el estudio.<\/p>\n\n\n\n<p>El principal objetivo es encontrar la lesi\u00f3n que no permite que el\u00a0<strong>c\u00f3ndor<\/strong>\u00a0camine con normalidad. Ya con el diagn\u00f3stico esperan determinar si es tratable y qu\u00e9 hacer para que el ave pueda regresar a la naturaleza. Adem\u00e1s, este estudio\u00a0<strong>in\u00e9dito\u00a0<\/strong>servir\u00e1 para conocer mejor la anatom\u00eda de estos animales t\u00edpicos de\u00a0<strong>Mendoza<\/strong>.<\/p>\n\n\n\n<p>La tomograf\u00eda se realiz\u00f3 el 30 de octubre en la veterinaria Cuatro Patas, en Luj\u00e1n, bajo anestesia general ante el estricto control de t\u00e9cnicos y veterinarios para que todo saliera bien.&nbsp;<strong>Javier L\u00f3pez<\/strong>, quien realiz\u00f3 la tomograf\u00eda, detall\u00f3: &#8220;Es la primera vez que escaneamos un&nbsp;<strong>c\u00f3ndor<\/strong>, por lo general hacemos tomograf\u00edas de perros y gatos&#8221;.<\/p>\n\n\n\n<p>&#8220;Fue una experiencia muy linda. Es diferente, tuvimos que estudiar un poco antes de hacerla ya que en el caso de los perros y gatos ya estamos m\u00e1s habituados a reconocer la anatom\u00eda y patolog\u00edas&#8221;, a\u00f1adi\u00f3 el t\u00e9cnico que realiz\u00f3 la tomograf\u00eda a&nbsp;<strong>We\u00f1i<\/strong>.<\/p>\n\n\n\n<p>Todav\u00eda no est\u00e1n los resultados para comenzar el tratamiento adecuado para este\u00a0<strong>c\u00f3ndor<\/strong>, pero Jennifer Ibarra indic\u00f3 que si bien abre sus alas, con esta condici\u00f3n de no caminar bien no se puede pensar en su liberaci\u00f3n.<\/p>\n\n\n\n<p><strong>Fuente: www.diariouno.com.ar<\/strong><\/p>\n\n\n\n<p><a rel=\"noreferrer noopener\" href=\"https:\/\/www.facebook.com\/dialog\/feed?app_id=161316767303985&amp;link=https%3A%2F%2Fwww.diariouno.com.ar%2Fsociedad%2Fpor-primera-vez-le-hicieron-una-tomografia-un-condor-herido-determinar-su-lesion-n1369745&amp;name=Por+primera+vez+le+hicieron+una+tomograf%C3%ADa+a+un+c%C3%B3ndor+herido+para+determinar+su+lesi%C3%B3n&amp;caption=C%C3%B3ndor&amp;description=El+c%C3%B3ndor+est%C3%A1+en+tratamiento+en+la+Fundaci%C3%B3n+Cullunche.+Por+primera+vez+desde+que+se+tengan+registros+hicieron+este+tipo+de+tomograf%C3%ADa+para+buscar+las+lesiones+que+tiene&amp;redirect_uri=https%3A%2F%2Fwww.diariouno.com.ar%2Fsociedad%2Fpor-primera-vez-le-hicieron-una-tomografia-un-condor-herido-determinar-su-lesion-n1369745\" target=\"_blank\"><\/a><\/p>\n\n\n\n<p><a rel=\"noreferrer noopener\" href=\"https:\/\/twitter.com\/intent\/tweet?url=https%3A%2F%2Fwww.diariouno.com.ar%2Fc1369745&amp;related=diariouno&amp;text=Por+primera+vez+le+hicieron+una+tomograf%C3%ADa+a+un+c%C3%B3ndor+herido+para+determinar+su+lesi%C3%B3n&amp;via=diariouno\" target=\"_blank\"><\/a><\/p>\n\n\n\n<p><a href=\"mailto:?body=https%3A%2F%2Fwww.diariouno.com.ar%2Fsociedad%2Fpor-primera-vez-le-hicieron-una-tomografia-un-condor-herido-determinar-su-lesion-n1369745&amp;subject=%E2%80%9CPor%20primera%20vez%20le%20hicieron%20una%20tomograf%C3%ADa%20a%20un%20c%C3%B3ndor%20herido%20para%20determinar%20su%20lesi%C3%B3n%E2%80%9D\"><\/a><\/p>\n\n\n\n<p><a rel=\"noreferrer noopener\" href=\"https:\/\/api.whatsapp.com\/send?text=%E2%80%9CPor%20primera%20vez%20le%20hicieron%20una%20tomograf%C3%ADa%20a%20un%20c%C3%B3ndor%20herido%20para%20determinar%20su%20lesi%C3%B3n%E2%80%9D%20https%3A%2F%2Fwww.diariouno.com.ar%2Fsociedad%2Fpor-primera-vez-le-hicieron-una-tomografia-un-condor-herido-determinar-su-lesion-n1369745\" target=\"_blank\"><\/a><\/p>\n\n\n\n<p><a rel=\"noreferrer noopener\" href=\"http:\/\/www.linkedin.com\/shareArticle?mini=true&amp;url=https%3A%2F%2Fwww.diariouno.com.ar%2Fsociedad%2Fpor-primera-vez-le-hicieron-una-tomografia-un-condor-herido-determinar-su-lesion-n1369745\" target=\"_blank\"><\/a><\/p>\n","protected":false},"excerpt":{"rendered":"<p>Un\u00a0c\u00f3ndor\u00a0herido fue sometido a una\u00a0tomograf\u00eda\u00a0para determinar cu\u00e1l es la lesi\u00f3n que sufri\u00f3 que no le permite caminar con normalidad. El animal llamado\u00a0We\u00f1i\u00a0est\u00e1 bajo los cuidados de los especialistas de la\u00a0Fundaci\u00f3n Cullunche. Nunca hasta el momento se hab\u00eda realizado este tipo de estudios a un c\u00f3ndor en Mendoza, lo que permitir\u00e1 conocer mejor la anatom\u00eda de [&hellip;]<\/p>\n","protected":false},"author":2,"featured_media":9927,"comment_status":"open","ping_status":"open","sticky":false,"template":"","format":"standard","meta":[],"categories":[50],"tags":[],"_links":{"self":[{"href":"https:\/\/pasaenmendoza.com\/index.php?rest_route=\/wp\/v2\/posts\/9926"}],"collection":[{"href":"https:\/\/pasaenmendoza.com\/index.php?rest_route=\/wp\/v2\/posts"}],"about":[{"href":"https:\/\/pasaenmendoza.com\/index.php?rest_route=\/wp\/v2\/types\/post"}],"author":[{"embeddable":true,"href":"https:\/\/pasaenmendoza.com\/index.php?rest_route=\/wp\/v2\/users\/2"}],"replies":[{"embeddable":true,"href":"https:\/\/pasaenmendoza.com\/index.php?rest_route=%2Fwp%2Fv2%2Fcomments&post=9926"}],"version-history":[{"count":1,"href":"https:\/\/pasaenmendoza.com\/index.php?rest_route=\/wp\/v2\/posts\/9926\/revisions"}],"predecessor-version":[{"id":9929,"href":"https:\/\/pasaenmendoza.com\/index.php?rest_route=\/wp\/v2\/posts\/9926\/revisions\/9929"}],"wp:featuredmedia":[{"embeddable":true,"href":"https:\/\/pasaenmendoza.com\/index.php?rest_route=\/wp\/v2\/media\/9927"}],"wp:attachment":[{"href":"https:\/\/pasaenmendoza.com\/index.php?rest_route=%2Fwp%2Fv2%2Fmedia&parent=9926"}],"wp:term":[{"taxonomy":"category","embeddable":true,"href":"https:\/\/pasaenmendoza.com\/index.php?rest_route=%2Fwp%2Fv2%2Fcategories&post=9926"},{"taxonomy":"post_tag","embeddable":true,"href":"https:\/\/pasaenmendoza.com\/index.php?rest_route=%2Fwp%2Fv2%2Ftags&post=9926"}],"curies":[{"name":"wp","href":"https:\/\/api.w.org\/{rel}","templated":true}]}}