{"id":9938,"date":"2024-11-04T23:04:06","date_gmt":"2024-11-04T22:04:06","guid":{"rendered":"https:\/\/pasaenmendoza.com\/?p=9938"},"modified":"2024-11-04T23:04:07","modified_gmt":"2024-11-04T22:04:07","slug":"festival-del-vacio-a-la-llama-cuales-fueron-los-ganadores-del-evento-que-reunio-a-mas-de-20-000-personas-en-maipu","status":"publish","type":"post","link":"https:\/\/pasaenmendoza.com\/?p=9938","title":{"rendered":"Festival del Vac\u00edo a la Llama: cu\u00e1les fueron los ganadores del evento que reuni\u00f3 a m\u00e1s de 20.000 personas en Maip\u00fa"},"content":{"rendered":"\n<p>El Teatro Griego del Parque Metropolitano, en el departamento de\u00a0<strong>Maip\u00fa<\/strong>, se visti\u00f3 de fiesta el domingo\u00a0en la tercera edici\u00f3n del\u00a0<strong>Festival del Vac\u00edo a la Llama<\/strong>. Miles de personas de toda Mendoza se acercaron para disfrutar de una noche colmada de sabores aut\u00f3ctonos, m\u00fasica y entretenimiento al aire libre. El evento congreg\u00f3 a familias enteras en una celebraci\u00f3n que honr\u00f3 la cultura del asado y la gastronom\u00eda tradicional.<\/p>\n\n\n\n<p>La competencia gastron\u00f3mica, que atrajo a m\u00e1s de 20 mil asistentes, cont\u00f3 con la participaci\u00f3n de 30 equipos de asadores, quienes mostraron sus mejores t\u00e9cnicas en la preparaci\u00f3n del vac\u00edo a la llama. Cada equipo busc\u00f3 conquistar al jurado con propuestas creativas y sabores \u00fanicos, en una disputa que combin\u00f3 destreza, sabor y mucha dedicaci\u00f3n. La noche tuvo su broche musical con la presentaci\u00f3n del grupo folkl\u00f3rico Algarroba.com, que puso al p\u00fablico a bailar y cantar.<\/p>\n\n\n\n<p>Adem\u00e1s de la competencia de asadores, el festival ofreci\u00f3 diversas propuestas gastron\u00f3micas y una feria de artesan\u00edas. Entre los espect\u00e1culos destacados estuvieron los grupos Reto\u00f1os Lugare\u00f1os, La Rienda y La Huella, que animaron la jornada con m\u00fasica en vivo, logrando una fusi\u00f3n perfecta entre gastronom\u00eda y cultura local. Estos elementos hicieron que el festival se convirtiera en un espacio de encuentro para toda la comunidad.<\/p>\n\n\n\n<p>Gisel y Paola, ganadoras de la edici\u00f3n 2023, tambi\u00e9n participaron en el evento, ofreciendo una masterclass en la que compartieron sus secretos para preparar el\u00a0<strong>vac\u00edo<\/strong>\u00a0perfecto. Esta clase fue uno de los momentos m\u00e1s esperados, ya que las asistentes brindaron sus conocimientos a un p\u00fablico \u00e1vido de aprender las mejores t\u00e9cnicas de cocci\u00f3n.<\/p>\n\n\n\n<p>Finalmente, el equipo formado por Omar Mu\u00f1oz y Gonzalo Rodr\u00edguez se coron\u00f3 como ganador de esta edici\u00f3n del\u00a0<strong>Festival del Vac\u00edo a la Llama<\/strong>, llev\u00e1ndose a casa un chulengo como premio y el reconocimiento de ser los mejores asadores de la noche. La dupla fue ampliamente aplaudida y celebrada, cerrando as\u00ed una jornada que quedar\u00e1 en la memoria de los maipucinos y amantes del buen asado.<\/p>\n\n\n\n<p><strong>Fuente: www.mdzol.com<\/strong><\/p>\n","protected":false},"excerpt":{"rendered":"<p>El Teatro Griego del Parque Metropolitano, en el departamento de\u00a0Maip\u00fa, se visti\u00f3 de fiesta el domingo\u00a0en la tercera edici\u00f3n del\u00a0Festival del Vac\u00edo a la Llama. Miles de personas de toda Mendoza se acercaron para disfrutar de una noche colmada de sabores aut\u00f3ctonos, m\u00fasica y entretenimiento al aire libre. El evento congreg\u00f3 a familias enteras en [&hellip;]<\/p>\n","protected":false},"author":2,"featured_media":9939,"comment_status":"open","ping_status":"open","sticky":false,"template":"","format":"standard","meta":[],"categories":[50],"tags":[],"_links":{"self":[{"href":"https:\/\/pasaenmendoza.com\/index.php?rest_route=\/wp\/v2\/posts\/9938"}],"collection":[{"href":"https:\/\/pasaenmendoza.com\/index.php?rest_route=\/wp\/v2\/posts"}],"about":[{"href":"https:\/\/pasaenmendoza.com\/index.php?rest_route=\/wp\/v2\/types\/post"}],"author":[{"embeddable":true,"href":"https:\/\/pasaenmendoza.com\/index.php?rest_route=\/wp\/v2\/users\/2"}],"replies":[{"embeddable":true,"href":"https:\/\/pasaenmendoza.com\/index.php?rest_route=%2Fwp%2Fv2%2Fcomments&post=9938"}],"version-history":[{"count":1,"href":"https:\/\/pasaenmendoza.com\/index.php?rest_route=\/wp\/v2\/posts\/9938\/revisions"}],"predecessor-version":[{"id":9940,"href":"https:\/\/pasaenmendoza.com\/index.php?rest_route=\/wp\/v2\/posts\/9938\/revisions\/9940"}],"wp:featuredmedia":[{"embeddable":true,"href":"https:\/\/pasaenmendoza.com\/index.php?rest_route=\/wp\/v2\/media\/9939"}],"wp:attachment":[{"href":"https:\/\/pasaenmendoza.com\/index.php?rest_route=%2Fwp%2Fv2%2Fmedia&parent=9938"}],"wp:term":[{"taxonomy":"category","embeddable":true,"href":"https:\/\/pasaenmendoza.com\/index.php?rest_route=%2Fwp%2Fv2%2Fcategories&post=9938"},{"taxonomy":"post_tag","embeddable":true,"href":"https:\/\/pasaenmendoza.com\/index.php?rest_route=%2Fwp%2Fv2%2Ftags&post=9938"}],"curies":[{"name":"wp","href":"https:\/\/api.w.org\/{rel}","templated":true}]}}