{"id":9941,"date":"2024-11-05T14:23:51","date_gmt":"2024-11-05T13:23:51","guid":{"rendered":"https:\/\/pasaenmendoza.com\/?p=9941"},"modified":"2024-11-05T14:23:52","modified_gmt":"2024-11-05T13:23:52","slug":"vuelve-el-calor-asi-estara-el-tiempo-en-mendoza-este-martes","status":"publish","type":"post","link":"https:\/\/pasaenmendoza.com\/?p=9941","title":{"rendered":"Vuelve el calor: as\u00ed estar\u00e1 el tiempo en Mendoza este martes"},"content":{"rendered":"\n<p>El pron\u00f3stico para este<strong>&nbsp;martes<\/strong>&nbsp;en Mendoza se\u00f1ala poca nubosidad con ascenso de la temperatura, con vientos moderados del noreste. La temperatura m\u00e1xima estipulada es de 29 grados y la m\u00ednima de 16.<\/p>\n\n\n\n<p>Adem\u00e1s, seg\u00fan la Direcci\u00f3n de Contingencias Clim\u00e1ticas, se prev\u00e9 que estar\u00e1 poco nuboso en cordillera.<\/p>\n\n\n\n<p>Para el\u00a0<strong>mi\u00e9rcoles<\/strong>, se espera una jornada parcialmente nublada, con poco cambio de la temperatura y vientos moderados del sudeste. La m\u00e1xima ser\u00e1 de 28 grados y la m\u00ednima de 18.<\/p>\n\n\n\n<p>En cuanto al\u00a0<strong>jueves<\/strong>, el pron\u00f3stico se\u00f1ala que estar\u00e1 \u201cparcialmente nublado con descenso de la temperatura, vientos leves del este. Precipitaciones d\u00e9biles en cordillera\u201d. La m\u00e1xima ser\u00e1 de 27 grados y la m\u00ednima de 17.<\/p>\n\n\n\n<p><strong>Fuente: www.elsol.com.ar<\/strong><\/p>\n","protected":false},"excerpt":{"rendered":"<p>El pron\u00f3stico para este&nbsp;martes&nbsp;en Mendoza se\u00f1ala poca nubosidad con ascenso de la temperatura, con vientos moderados del noreste. La temperatura m\u00e1xima estipulada es de 29 grados y la m\u00ednima de 16. Adem\u00e1s, seg\u00fan la Direcci\u00f3n de Contingencias Clim\u00e1ticas, se prev\u00e9 que estar\u00e1 poco nuboso en cordillera. Para el\u00a0mi\u00e9rcoles, se espera una jornada parcialmente nublada, con [&hellip;]<\/p>\n","protected":false},"author":2,"featured_media":9942,"comment_status":"open","ping_status":"open","sticky":false,"template":"","format":"standard","meta":[],"categories":[52],"tags":[],"_links":{"self":[{"href":"https:\/\/pasaenmendoza.com\/index.php?rest_route=\/wp\/v2\/posts\/9941"}],"collection":[{"href":"https:\/\/pasaenmendoza.com\/index.php?rest_route=\/wp\/v2\/posts"}],"about":[{"href":"https:\/\/pasaenmendoza.com\/index.php?rest_route=\/wp\/v2\/types\/post"}],"author":[{"embeddable":true,"href":"https:\/\/pasaenmendoza.com\/index.php?rest_route=\/wp\/v2\/users\/2"}],"replies":[{"embeddable":true,"href":"https:\/\/pasaenmendoza.com\/index.php?rest_route=%2Fwp%2Fv2%2Fcomments&post=9941"}],"version-history":[{"count":1,"href":"https:\/\/pasaenmendoza.com\/index.php?rest_route=\/wp\/v2\/posts\/9941\/revisions"}],"predecessor-version":[{"id":9943,"href":"https:\/\/pasaenmendoza.com\/index.php?rest_route=\/wp\/v2\/posts\/9941\/revisions\/9943"}],"wp:featuredmedia":[{"embeddable":true,"href":"https:\/\/pasaenmendoza.com\/index.php?rest_route=\/wp\/v2\/media\/9942"}],"wp:attachment":[{"href":"https:\/\/pasaenmendoza.com\/index.php?rest_route=%2Fwp%2Fv2%2Fmedia&parent=9941"}],"wp:term":[{"taxonomy":"category","embeddable":true,"href":"https:\/\/pasaenmendoza.com\/index.php?rest_route=%2Fwp%2Fv2%2Fcategories&post=9941"},{"taxonomy":"post_tag","embeddable":true,"href":"https:\/\/pasaenmendoza.com\/index.php?rest_route=%2Fwp%2Fv2%2Ftags&post=9941"}],"curies":[{"name":"wp","href":"https:\/\/api.w.org\/{rel}","templated":true}]}}