{"id":9944,"date":"2024-11-05T14:31:29","date_gmt":"2024-11-05T13:31:29","guid":{"rendered":"https:\/\/pasaenmendoza.com\/?p=9944"},"modified":"2024-11-05T14:31:30","modified_gmt":"2024-11-05T13:31:30","slug":"quien-es-el-asaltante-que-desato-una-crisis-en-el-hospital-central-de-mendoza","status":"publish","type":"post","link":"https:\/\/pasaenmendoza.com\/?p=9944","title":{"rendered":"Qui\u00e9n es el asaltante que desat\u00f3 una crisis en el Hospital Central de Mendoza"},"content":{"rendered":"\n<p><strong>Rub\u00e9n Omar Bast\u00edas<\/strong>, un hombre de 50 a\u00f1os con antecedentes penales y con viejos domicilios en Las Heras, era conocido en Capital por su situaci\u00f3n de calle y conductas delictivas. Su historia personal lo llev\u00f3 a enfrentarse a la ley en m\u00e1s de una ocasi\u00f3n, reflejando un ciclo marginalidad en el que ha estado inmerso, destacaron fuentes policiales que hablaron con&nbsp;<em><strong>El Sol<\/strong><\/em>.<\/p>\n\n\n\n<p>Este domingo, Bast\u00edas protagoniz\u00f3 una serie de hechos que comenzaron en la Plaza Independencia, cuando intent\u00f3 robarle el celular a una joven de 23 a\u00f1os con un arma blanca de gran tama\u00f1o.<\/p>\n\n\n\n<p>La acci\u00f3n violenta desat\u00f3 una persecuci\u00f3n por parte de los transe\u00fantes que observaron la agresi\u00f3n, que culmin\u00f3 con su reducci\u00f3n y una golpiza que lo dej\u00f3 con politraumatismos y una herida en la cabeza. La r\u00e1pida intervenci\u00f3n de Preventores y polic\u00edas permiti\u00f3 su aprehensi\u00f3n y el aseguramiento del arma.<\/p>\n\n\n\n<p>Tras ser detenido,\u00a0<strong>Bast\u00edas fue trasladado al Hospital Central para ser atendido por las lesiones<\/strong>. Sin embargo, su comportamiento violento no ces\u00f3: en medio de la atenci\u00f3n m\u00e9dica, agredi\u00f3 a otro paciente y amenaz\u00f3 con lanzarse al vac\u00edo desde una ventana.<\/p>\n\n\n\n<p>Esta situaci\u00f3n desencaden\u00f3 la intervenci\u00f3n de los negociadores del&nbsp;<strong>Grupo de Resoluci\u00f3n de Incidentes y Secuestros (GRIS),&nbsp;<\/strong>quienes tuvieron que mediar en una situaci\u00f3n que puso en alerta tanto al personal hospitalario como a las fuerzas de seguridad.<\/p>\n\n\n\n<p>Finalmente, minutos antes de las 21,\u00a0<strong>Bast\u00edas depuso su actitud y se entreg\u00f3<\/strong>, permitiendo que fuera contenido y asegurado por la polic\u00eda.<\/p>\n\n\n\n<p>Todo hab\u00eda comenzado en la Plaza Independencia, coraz\u00f3n del centro mendocino. Fue el&nbsp;<mark>escenario este domingo de un violento episodio que culmin\u00f3 con el delincuente hospitalizado y una joven conmocionada por el asalto sufrido.<\/mark><\/p>\n\n\n\n<p>Eran las 18.35, cuando una chica de 23 a\u00f1os oriunda de Guaymall\u00e9n esperaba el colectivo de la l\u00ednea 900 en la parada ubicada en la intersecci\u00f3n de Patricias Mendocinas y Espejo. Lo que parec\u00eda ser una jornada tranquila, gir\u00f3 a momentos de p\u00e1nico cuando un hombre en situaci\u00f3n de calle, identificado como\u00a0<strong>Rub\u00e9n Omar Bast\u00edas, se le acerc\u00f3 con una aparente solicitud inocente: pedirle un cigarrillo.<\/strong><\/p>\n\n\n\n<p>Sin embargo, se trataba de un hecho de inseguridad. Todo sucedi\u00f3 en cuesti\u00f3n de segundos: el malviviente aprovech\u00f3 cuando la v\u00edctima baj\u00f3 la guardia para arrebatarle el celular, y cuando ella intent\u00f3 resistirse, sac\u00f3 un cuchillo de grandes dimensiones.\u00a0<strong>Un turista rionegrino, que se hospedaba en un hotel cercano, fue testigo directo del hecho.<\/strong><\/p>\n\n\n\n<p>La amenaza con el arma blanca desat\u00f3 una persecuci\u00f3n que se intern\u00f3 en el popular paseo c\u00e9ntrico. En su intento de fuga, Bast\u00edas no contaba con la reacci\u00f3n de los transe\u00fantes quienes, indignados por el asalto, decidieron intervenir para frenarle el paso. La persecuci\u00f3n culmin\u00f3 en la esquina de la intersecci\u00f3n de calles Espejo y Mitre, donde un grupo de ciudadanos logr\u00f3 reducir al asaltante.<\/p>\n\n\n\n<p>En ese momento, se vivieron los primeros momentos de tensi\u00f3n: los presentes intentaron hacer justicia por mano propia y comenzaron a golpear al se\u00f1alado delincuente.<\/p>\n\n\n\n<p>A los pocos minutos,<mark>\u00a0llegaron hasta la escena varios preventores de Capital<\/mark>. El equipo arrib\u00f3 justo para realizar la aprehensi\u00f3n. Por su parte, dos preventoras se encargaron de resguardar el arma blanca, que el delincuente hab\u00eda descartado durante la huida.<\/p>\n\n\n\n<p>La violencia del forcejeo con los ciudadanos dej\u00f3 sus marcas:\u00a0<strong>Bast\u00edas, nacido el 26 de junio de 1974 y con domicilios en Las Heras<\/strong>, debi\u00f3 ser atendido por m\u00e9dicos de una ambulancia. Una doctora diagnostic\u00f3 politraumatismos varios y una herida cortante en el cuero cabelludo, por lo que se requiri\u00f3 su traslado inmediato al Hospital Central, donde luego protagoniz\u00f3 una crisis nerviosa.<\/p>\n\n\n\n<p><strong>Fuente: www.elsol.com.ar<\/strong><\/p>\n","protected":false},"excerpt":{"rendered":"<p>Rub\u00e9n Omar Bast\u00edas, un hombre de 50 a\u00f1os con antecedentes penales y con viejos domicilios en Las Heras, era conocido en Capital por su situaci\u00f3n de calle y conductas delictivas. Su historia personal lo llev\u00f3 a enfrentarse a la ley en m\u00e1s de una ocasi\u00f3n, reflejando un ciclo marginalidad en el que ha estado inmerso, [&hellip;]<\/p>\n","protected":false},"author":2,"featured_media":9945,"comment_status":"open","ping_status":"open","sticky":false,"template":"","format":"standard","meta":[],"categories":[48],"tags":[],"_links":{"self":[{"href":"https:\/\/pasaenmendoza.com\/index.php?rest_route=\/wp\/v2\/posts\/9944"}],"collection":[{"href":"https:\/\/pasaenmendoza.com\/index.php?rest_route=\/wp\/v2\/posts"}],"about":[{"href":"https:\/\/pasaenmendoza.com\/index.php?rest_route=\/wp\/v2\/types\/post"}],"author":[{"embeddable":true,"href":"https:\/\/pasaenmendoza.com\/index.php?rest_route=\/wp\/v2\/users\/2"}],"replies":[{"embeddable":true,"href":"https:\/\/pasaenmendoza.com\/index.php?rest_route=%2Fwp%2Fv2%2Fcomments&post=9944"}],"version-history":[{"count":1,"href":"https:\/\/pasaenmendoza.com\/index.php?rest_route=\/wp\/v2\/posts\/9944\/revisions"}],"predecessor-version":[{"id":9946,"href":"https:\/\/pasaenmendoza.com\/index.php?rest_route=\/wp\/v2\/posts\/9944\/revisions\/9946"}],"wp:featuredmedia":[{"embeddable":true,"href":"https:\/\/pasaenmendoza.com\/index.php?rest_route=\/wp\/v2\/media\/9945"}],"wp:attachment":[{"href":"https:\/\/pasaenmendoza.com\/index.php?rest_route=%2Fwp%2Fv2%2Fmedia&parent=9944"}],"wp:term":[{"taxonomy":"category","embeddable":true,"href":"https:\/\/pasaenmendoza.com\/index.php?rest_route=%2Fwp%2Fv2%2Fcategories&post=9944"},{"taxonomy":"post_tag","embeddable":true,"href":"https:\/\/pasaenmendoza.com\/index.php?rest_route=%2Fwp%2Fv2%2Ftags&post=9944"}],"curies":[{"name":"wp","href":"https:\/\/api.w.org\/{rel}","templated":true}]}}