{"id":9951,"date":"2024-11-05T22:43:24","date_gmt":"2024-11-05T21:43:24","guid":{"rendered":"https:\/\/pasaenmendoza.com\/?p=9951"},"modified":"2024-11-05T22:43:25","modified_gmt":"2024-11-05T21:43:25","slug":"cornejo-le-planteo-a-milei-la-necesidad-de-mejorar-la-logistica-para-reactivar-la-economia","status":"publish","type":"post","link":"https:\/\/pasaenmendoza.com\/?p=9951","title":{"rendered":"Cornejo le plante\u00f3 a Milei la necesidad de mejorar la log\u00edstica para reactivar la econom\u00eda"},"content":{"rendered":"\n<p>El gobernador\u00a0<strong>Alfredo Cornejo<\/strong>\u00a0se reuni\u00f3 este martes con el presidente\u00a0<strong>Javier Milei<\/strong> y otros cuatro gobernadores radicales: Maximiliano Pullaro (Santa Fe), Carlos Sadir (Jujuy), Gustavo Vald\u00e9s (Corrientes) y Leandro Zdero (Chaco). El objetivo fue dar los lineamientos b\u00e1sicos para trabar acuerdos para el tratamiento del Presupuesto 2025.<\/p>\n\n\n\n<p>Mientras los mandatarios le plantearon los temas propios de sus provincias. No hubo recriminaciones por las cr\u00edticas de Milei a Ra\u00fal Alfons\u00edn, de quien dijo que hab\u00eda propiciado los golpes de Estado en la Argentina. De hecho, Vald\u00e9s lo justific\u00f3 al decir: &#8220;Es la frescura del Presidente para hablar&#8221;.<\/p>\n\n\n\n<p>Este encuentro se dio en medio de la separaci\u00f3n del bloque radical y el veto de Ley de Financiamiento para las universidades.<\/p>\n\n\n\n<p>En cuanto a Mendoza, Cornejo manifest\u00f3 la necesidad de mejorar la inversi\u00f3n en log\u00edstica en la provincia para al mismo tiempo optimizar la econom\u00eda y que esto sirva como base para consolidar el programa econ\u00f3mico del gobierno nacional.<\/p>\n\n\n\n<p><strong>Fuente: www.diariouno.com.ar<\/strong><\/p>\n","protected":false},"excerpt":{"rendered":"<p>El gobernador\u00a0Alfredo Cornejo\u00a0se reuni\u00f3 este martes con el presidente\u00a0Javier Milei y otros cuatro gobernadores radicales: Maximiliano Pullaro (Santa Fe), Carlos Sadir (Jujuy), Gustavo Vald\u00e9s (Corrientes) y Leandro Zdero (Chaco). El objetivo fue dar los lineamientos b\u00e1sicos para trabar acuerdos para el tratamiento del Presupuesto 2025. Mientras los mandatarios le plantearon los temas propios de sus [&hellip;]<\/p>\n","protected":false},"author":2,"featured_media":9952,"comment_status":"open","ping_status":"open","sticky":false,"template":"","format":"standard","meta":[],"categories":[47],"tags":[],"_links":{"self":[{"href":"https:\/\/pasaenmendoza.com\/index.php?rest_route=\/wp\/v2\/posts\/9951"}],"collection":[{"href":"https:\/\/pasaenmendoza.com\/index.php?rest_route=\/wp\/v2\/posts"}],"about":[{"href":"https:\/\/pasaenmendoza.com\/index.php?rest_route=\/wp\/v2\/types\/post"}],"author":[{"embeddable":true,"href":"https:\/\/pasaenmendoza.com\/index.php?rest_route=\/wp\/v2\/users\/2"}],"replies":[{"embeddable":true,"href":"https:\/\/pasaenmendoza.com\/index.php?rest_route=%2Fwp%2Fv2%2Fcomments&post=9951"}],"version-history":[{"count":1,"href":"https:\/\/pasaenmendoza.com\/index.php?rest_route=\/wp\/v2\/posts\/9951\/revisions"}],"predecessor-version":[{"id":9953,"href":"https:\/\/pasaenmendoza.com\/index.php?rest_route=\/wp\/v2\/posts\/9951\/revisions\/9953"}],"wp:featuredmedia":[{"embeddable":true,"href":"https:\/\/pasaenmendoza.com\/index.php?rest_route=\/wp\/v2\/media\/9952"}],"wp:attachment":[{"href":"https:\/\/pasaenmendoza.com\/index.php?rest_route=%2Fwp%2Fv2%2Fmedia&parent=9951"}],"wp:term":[{"taxonomy":"category","embeddable":true,"href":"https:\/\/pasaenmendoza.com\/index.php?rest_route=%2Fwp%2Fv2%2Fcategories&post=9951"},{"taxonomy":"post_tag","embeddable":true,"href":"https:\/\/pasaenmendoza.com\/index.php?rest_route=%2Fwp%2Fv2%2Ftags&post=9951"}],"curies":[{"name":"wp","href":"https:\/\/api.w.org\/{rel}","templated":true}]}}