{"id":9957,"date":"2024-11-05T22:50:55","date_gmt":"2024-11-05T21:50:55","guid":{"rendered":"https:\/\/pasaenmendoza.com\/?p=9957"},"modified":"2024-11-05T22:50:56","modified_gmt":"2024-11-05T21:50:56","slug":"roberto-macho-de-ate-zafo-de-la-condena-por-cortar-calles-y-no-podra-delinquir-por-3-anos","status":"publish","type":"post","link":"https:\/\/pasaenmendoza.com\/?p=9957","title":{"rendered":"Roberto Macho, de ATE, zaf\u00f3 de la condena por cortar calles y no podr\u00e1 delinquir por 3 a\u00f1os"},"content":{"rendered":"\n<p><strong>Roberto Macho<\/strong>, secretario general de ATE, quien estuvo bajo proceso por cortar calles y entorpecer la circulaci\u00f3n de personas en cinco oportunidades, accedi\u00f3 al beneficio judicial de la suspensi\u00f3n de juicio a prueba por 4 de esos hechos y durante 3 a\u00f1os no podr\u00e1 delinquir. De hacerlo, deber\u00e1 estar ese plazo en la c\u00e1rcel.<\/p>\n\n\n\n<p>Por la quinta causa judicial fue&nbsp;<strong>sobrese\u00eddo&nbsp;<\/strong>por la&nbsp;<strong>duda<\/strong>, seg\u00fan impuls\u00f3 la Fiscal\u00eda.<\/p>\n\n\n\n<p>Ocurri\u00f3 este martes en el Polo Judicial por decisi\u00f3n del\u00a0<strong>juez Juan Manuel Pina Gonz\u00e1lez<\/strong>\u00a0a instancias de la Fiscal\u00eda, representada por\u00a0<strong>Dar\u00edo Tagua y Fernando Giunta<\/strong>, quienes investigaron los hechos de 2022.<\/p>\n\n\n\n<h2 class=\"wp-block-heading\">La esposa de Roberto Macho, tambi\u00e9n con suspensi\u00f3n de juicio a prueba<\/h2>\n\n\n\n<p><strong>Adriana Iranzo<\/strong>, esposa de\u00a0<strong>Roberto Macho<\/strong>\u00a0y tambi\u00e9n dirigente de ATE, recibi\u00f3 el mismo beneficio judicial aunque por un plazo menor\u00a0<strong>-2 a\u00f1os-<\/strong>\u00a0ya que estaba bajo proceso por 2 episodios de cortes de calles. Todo sucedi\u00f3 durante la gobernaci\u00f3n de\u00a0<strong>Rodolfo Suarez<\/strong>.<\/p>\n\n\n\n<p>Tras la audiencia de este martes, la suerte judicial de\u00a0<strong>la hist\u00f3rica sindicalista Raquel Blas, tambi\u00e9n bajo proceso por\u00a0<\/strong>1 corte de calles durante las protestas sindicales en reclamo de mejoras salariales, se definir\u00e1 en Casaci\u00f3n contra el rechazo de los pedidos de nulidades presentados por los abogados.<\/p>\n\n\n\n<h2 class=\"wp-block-heading\">Otros 9 afiliados de ATE tambi\u00e9n fueron beneficiados<\/h2>\n\n\n\n<p>La Justicia concedi\u00f3 la&nbsp;<strong>suspensi\u00f3n de juicio a prueba por 1 a\u00f1o a otros 9 afiliados de ATE<\/strong>, sometidos a proceso judicial por&nbsp;<strong>cortar calles&nbsp;<\/strong>durante las protestas.<\/p>\n\n\n\n<p>Se trata de Roberto Podio, Tom\u00e1s S\u00e1nchez , Patricia Irrutia, Carlos Quinteros, Jos\u00e9 Bittar, Manuel Orellana, Silvia Castro, Mario Alcanis y Juan Manuel San Mart\u00edn.<\/p>\n\n\n\n<p><strong>Fuente: www.diariouno.com.ar<\/strong><\/p>\n","protected":false},"excerpt":{"rendered":"<p>Roberto Macho, secretario general de ATE, quien estuvo bajo proceso por cortar calles y entorpecer la circulaci\u00f3n de personas en cinco oportunidades, accedi\u00f3 al beneficio judicial de la suspensi\u00f3n de juicio a prueba por 4 de esos hechos y durante 3 a\u00f1os no podr\u00e1 delinquir. De hacerlo, deber\u00e1 estar ese plazo en la c\u00e1rcel. Por [&hellip;]<\/p>\n","protected":false},"author":2,"featured_media":9958,"comment_status":"open","ping_status":"open","sticky":false,"template":"","format":"standard","meta":[],"categories":[60],"tags":[],"_links":{"self":[{"href":"https:\/\/pasaenmendoza.com\/index.php?rest_route=\/wp\/v2\/posts\/9957"}],"collection":[{"href":"https:\/\/pasaenmendoza.com\/index.php?rest_route=\/wp\/v2\/posts"}],"about":[{"href":"https:\/\/pasaenmendoza.com\/index.php?rest_route=\/wp\/v2\/types\/post"}],"author":[{"embeddable":true,"href":"https:\/\/pasaenmendoza.com\/index.php?rest_route=\/wp\/v2\/users\/2"}],"replies":[{"embeddable":true,"href":"https:\/\/pasaenmendoza.com\/index.php?rest_route=%2Fwp%2Fv2%2Fcomments&post=9957"}],"version-history":[{"count":1,"href":"https:\/\/pasaenmendoza.com\/index.php?rest_route=\/wp\/v2\/posts\/9957\/revisions"}],"predecessor-version":[{"id":9959,"href":"https:\/\/pasaenmendoza.com\/index.php?rest_route=\/wp\/v2\/posts\/9957\/revisions\/9959"}],"wp:featuredmedia":[{"embeddable":true,"href":"https:\/\/pasaenmendoza.com\/index.php?rest_route=\/wp\/v2\/media\/9958"}],"wp:attachment":[{"href":"https:\/\/pasaenmendoza.com\/index.php?rest_route=%2Fwp%2Fv2%2Fmedia&parent=9957"}],"wp:term":[{"taxonomy":"category","embeddable":true,"href":"https:\/\/pasaenmendoza.com\/index.php?rest_route=%2Fwp%2Fv2%2Fcategories&post=9957"},{"taxonomy":"post_tag","embeddable":true,"href":"https:\/\/pasaenmendoza.com\/index.php?rest_route=%2Fwp%2Fv2%2Ftags&post=9957"}],"curies":[{"name":"wp","href":"https:\/\/api.w.org\/{rel}","templated":true}]}}