{"id":9963,"date":"2024-11-06T13:14:39","date_gmt":"2024-11-06T12:14:39","guid":{"rendered":"https:\/\/pasaenmendoza.com\/?p=9963"},"modified":"2024-11-06T13:14:40","modified_gmt":"2024-11-06T12:14:40","slug":"el-tiempo-en-mendoza-miercoles-agradable-con-vientos-moderados","status":"publish","type":"post","link":"https:\/\/pasaenmendoza.com\/?p=9963","title":{"rendered":"El tiempo en Mendoza: mi\u00e9rcoles agradable, con vientos moderados"},"content":{"rendered":"\n<p>Para este mi\u00e9rcoles se espera una jornada con poco cambio de la temperatura, nubosidad variable y vientos moderados del sudeste. La m\u00e1xima ser\u00e1 de 29 grados y la m\u00ednima de 17. Adem\u00e1s, estar\u00e1 poco nuboso en cordillera.<\/p>\n\n\n\n<p>El cuanto al jueves, la Direcci\u00f3n de Contingencias Clim\u00e1ticas pronostica un d\u00eda \u201cparcialmente nublado, con poco cambio de la temperatura y vientos leves del noreste\u201d. La m\u00e1xima ser\u00e1 de 28 grados y la m\u00ednima de 16.<\/p>\n\n\n\n<p>En el caso del viernes, habr\u00e1 un ascenso de la temperatura, con nubosidad variable e inestable. Se registrar\u00eda una m\u00e1xima de 31 grados y una m\u00ednima de 18.<\/p>\n\n\n\n<p><strong>Fuente: www.elsol.com.ar<\/strong><\/p>\n","protected":false},"excerpt":{"rendered":"<p>Para este mi\u00e9rcoles se espera una jornada con poco cambio de la temperatura, nubosidad variable y vientos moderados del sudeste. La m\u00e1xima ser\u00e1 de 29 grados y la m\u00ednima de 17. Adem\u00e1s, estar\u00e1 poco nuboso en cordillera. El cuanto al jueves, la Direcci\u00f3n de Contingencias Clim\u00e1ticas pronostica un d\u00eda \u201cparcialmente nublado, con poco cambio de [&hellip;]<\/p>\n","protected":false},"author":2,"featured_media":9964,"comment_status":"open","ping_status":"open","sticky":false,"template":"","format":"standard","meta":[],"categories":[52],"tags":[],"_links":{"self":[{"href":"https:\/\/pasaenmendoza.com\/index.php?rest_route=\/wp\/v2\/posts\/9963"}],"collection":[{"href":"https:\/\/pasaenmendoza.com\/index.php?rest_route=\/wp\/v2\/posts"}],"about":[{"href":"https:\/\/pasaenmendoza.com\/index.php?rest_route=\/wp\/v2\/types\/post"}],"author":[{"embeddable":true,"href":"https:\/\/pasaenmendoza.com\/index.php?rest_route=\/wp\/v2\/users\/2"}],"replies":[{"embeddable":true,"href":"https:\/\/pasaenmendoza.com\/index.php?rest_route=%2Fwp%2Fv2%2Fcomments&post=9963"}],"version-history":[{"count":1,"href":"https:\/\/pasaenmendoza.com\/index.php?rest_route=\/wp\/v2\/posts\/9963\/revisions"}],"predecessor-version":[{"id":9965,"href":"https:\/\/pasaenmendoza.com\/index.php?rest_route=\/wp\/v2\/posts\/9963\/revisions\/9965"}],"wp:featuredmedia":[{"embeddable":true,"href":"https:\/\/pasaenmendoza.com\/index.php?rest_route=\/wp\/v2\/media\/9964"}],"wp:attachment":[{"href":"https:\/\/pasaenmendoza.com\/index.php?rest_route=%2Fwp%2Fv2%2Fmedia&parent=9963"}],"wp:term":[{"taxonomy":"category","embeddable":true,"href":"https:\/\/pasaenmendoza.com\/index.php?rest_route=%2Fwp%2Fv2%2Fcategories&post=9963"},{"taxonomy":"post_tag","embeddable":true,"href":"https:\/\/pasaenmendoza.com\/index.php?rest_route=%2Fwp%2Fv2%2Ftags&post=9963"}],"curies":[{"name":"wp","href":"https:\/\/api.w.org\/{rel}","templated":true}]}}