{"id":9966,"date":"2024-11-06T13:21:39","date_gmt":"2024-11-06T12:21:39","guid":{"rendered":"https:\/\/pasaenmendoza.com\/?p=9966"},"modified":"2024-11-06T13:21:40","modified_gmt":"2024-11-06T12:21:40","slug":"maipu-un-conductor-ebrio-perdio-el-control-del-vehiculo-y-choco-en-la-ruta-7","status":"publish","type":"post","link":"https:\/\/pasaenmendoza.com\/?p=9966","title":{"rendered":"Maip\u00fa: un conductor ebrio perdi\u00f3 el control del veh\u00edculo y choc\u00f3 en la Ruta 7"},"content":{"rendered":"\n<p>Un<strong>\u00a0conductor alcoholizado<\/strong>\u00a0perdi\u00f3 el control de su veh\u00edculo y termin\u00f3 sobre el guardarrail en la Ruta 7, luego de sufrir un fuerte\u00a0<strong>choque\u00a0<\/strong>contra la contenci\u00f3n de cemento y el poste de uno de los carteles se\u00f1alizadores a la altura de\u00a0<strong>Maip\u00fa<\/strong>.\u00a0<\/p>\n\n\n\n<p>El hecho ocurri\u00f3 a las 3:30\u00a0de este mi\u00e9rcoles\u00a0Ruta 7 y Ruta 50, en\u00a0Beltr\u00e1n, departamento de\u00a0<strong>Maip\u00fa<\/strong>.\u00a0Momentos despu\u00e9s, desde el CEO (Centro Estrat\u00e9gico de Operaciones) se inform\u00f3 que\u00a0en Beltr\u00e1n se hab\u00eda producido un siniestro en el cual intervino\u00a0un solo veh\u00edculo.<\/p>\n\n\n\n<p>Se trataba de un&nbsp;Volkswagen Sur\u00e1n conducido por un hombre de 32 a\u00f1os, el cual conduc\u00eda en estado de ebriedad. Al realizarle el dosaje, el mismo arroj\u00f3 un resultado de 1,44 litros por gramo de&nbsp;<strong>alcohol&nbsp;<\/strong>en sangre, por lo que al responsable se le labr\u00f3 el acta correspondiente y qued\u00f3 a disposici\u00f3n del Juzgado de paz y contravencional de Beltr\u00e1n en la Comisar\u00eda 49.<\/p>\n\n\n\n<h2 class=\"wp-block-heading\">Un auto choc\u00f3 con un poste frente a La Barraca<\/h2>\n\n\n\n<p>Otro\u00a0<strong>choque\u00a0<\/strong>se produjo en horas de la madrugada frente al shopping La Barraca, en Guaymall\u00e9n, cuando a un veh\u00edculo que circulaba por el\u00a0Acceso sur con direcci\u00f3n\u00a0hacia el norte, a la altura de Alsina, se le revent\u00f3 una cubierta y colision\u00f3\u00a0contra un poste.<\/p>\n\n\n\n<p>Afortunadamente, ante la intervenci\u00f3n del SEC (Servicio de Emergencias Coordinado) se constat\u00f3 que tanto el joven conductor del Ford Focus, de 21 a\u00f1os, como\u00a0su acompa\u00f1ante adolescente\u00a0resultaron ilesos.\u00a0<\/p>\n\n\n\n<p><strong>Fuente: www.elsol.com.ar<\/strong><\/p>\n","protected":false},"excerpt":{"rendered":"<p>Un\u00a0conductor alcoholizado\u00a0perdi\u00f3 el control de su veh\u00edculo y termin\u00f3 sobre el guardarrail en la Ruta 7, luego de sufrir un fuerte\u00a0choque\u00a0contra la contenci\u00f3n de cemento y el poste de uno de los carteles se\u00f1alizadores a la altura de\u00a0Maip\u00fa.\u00a0 El hecho ocurri\u00f3 a las 3:30\u00a0de este mi\u00e9rcoles\u00a0Ruta 7 y Ruta 50, en\u00a0Beltr\u00e1n, departamento de\u00a0Maip\u00fa.\u00a0Momentos despu\u00e9s, desde [&hellip;]<\/p>\n","protected":false},"author":2,"featured_media":9967,"comment_status":"open","ping_status":"open","sticky":false,"template":"","format":"standard","meta":[],"categories":[48],"tags":[],"_links":{"self":[{"href":"https:\/\/pasaenmendoza.com\/index.php?rest_route=\/wp\/v2\/posts\/9966"}],"collection":[{"href":"https:\/\/pasaenmendoza.com\/index.php?rest_route=\/wp\/v2\/posts"}],"about":[{"href":"https:\/\/pasaenmendoza.com\/index.php?rest_route=\/wp\/v2\/types\/post"}],"author":[{"embeddable":true,"href":"https:\/\/pasaenmendoza.com\/index.php?rest_route=\/wp\/v2\/users\/2"}],"replies":[{"embeddable":true,"href":"https:\/\/pasaenmendoza.com\/index.php?rest_route=%2Fwp%2Fv2%2Fcomments&post=9966"}],"version-history":[{"count":1,"href":"https:\/\/pasaenmendoza.com\/index.php?rest_route=\/wp\/v2\/posts\/9966\/revisions"}],"predecessor-version":[{"id":9968,"href":"https:\/\/pasaenmendoza.com\/index.php?rest_route=\/wp\/v2\/posts\/9966\/revisions\/9968"}],"wp:featuredmedia":[{"embeddable":true,"href":"https:\/\/pasaenmendoza.com\/index.php?rest_route=\/wp\/v2\/media\/9967"}],"wp:attachment":[{"href":"https:\/\/pasaenmendoza.com\/index.php?rest_route=%2Fwp%2Fv2%2Fmedia&parent=9966"}],"wp:term":[{"taxonomy":"category","embeddable":true,"href":"https:\/\/pasaenmendoza.com\/index.php?rest_route=%2Fwp%2Fv2%2Fcategories&post=9966"},{"taxonomy":"post_tag","embeddable":true,"href":"https:\/\/pasaenmendoza.com\/index.php?rest_route=%2Fwp%2Fv2%2Ftags&post=9966"}],"curies":[{"name":"wp","href":"https:\/\/api.w.org\/{rel}","templated":true}]}}