{"id":9969,"date":"2024-11-06T13:28:57","date_gmt":"2024-11-06T12:28:57","guid":{"rendered":"https:\/\/pasaenmendoza.com\/?p=9969"},"modified":"2024-11-06T13:28:58","modified_gmt":"2024-11-06T12:28:58","slug":"se-complica-aun-mas-la-situacion-del-profesor-acusado-de-abusar-a-alumnas-en-guaymallen","status":"publish","type":"post","link":"https:\/\/pasaenmendoza.com\/?p=9969","title":{"rendered":"Se complica a\u00fan m\u00e1s la situaci\u00f3n del profesor acusado de abusar a alumnas en Guaymall\u00e9n"},"content":{"rendered":"\n<p>Hugo Efra\u00edn Oyola Amaya (59) podr\u00eda quedar imputado en las pr\u00f3ximas horas por un nuevo hecho de\u00a0<strong>abuso sexual,<\/strong>\u00a0tras la denuncia de otra de sus alumnas. Se tratar\u00eda del quinto caso, mientras el docente-que se desempe\u00f1a en dos escuelas de<strong>\u00a0Guaymall\u00e9n<\/strong>&#8211;\u00a0permanece detenido.\u00a0<\/p>\n\n\n\n<p>De acuerdo al relato reciente de otra menor de edad que habr\u00eda sido v\u00edctima de este\u00a0<strong>profesor<\/strong>,\u00a0se tratar\u00eda tambi\u00e9n de<strong>\u00a0abusos sexuales simples<\/strong>\u00a0(tocamientos), agravados por la guarda y la condici\u00f3n de educador del acusado.\u00a0<\/p>\n\n\n\n<p>Esa misma calificaci\u00f3n ya le hab\u00eda endilgado la\u00a0fiscal Virginia Rumbo\u00a0en cuatro hechos, tras lo cual se orden\u00f3 su alojamiento en la c\u00e1rcel. Ahora el hombre recibir\u00eda su quinta imputaci\u00f3n.\u00a0<\/p>\n\n\n\n<p>Oyola, quien da clases de Matem\u00e1ticas y Ciencias Naturales, fue arrestado\u00a0el mi\u00e9rcoles pasado en el colegio p\u00fablico\u00a0Tom\u00e1s Alva Edison, en el barrio Santa Ana, luego de las denuncias de sus alumnas\u00a0de quinto\u00a0grado.\u00a0<\/p>\n\n\n\n<p>Tras su\u00a0captura, desde el Ministerio P\u00fablico Fiscal informaron que este sujeto\u00a0ya contaba con una condena\u00a0por id\u00e9nticos episodios. En 2017 hab\u00eda recibido la pena de tres a\u00f1os en suspenso, lo que le permiti\u00f3 estar en libertad y seguir ejerciendo, como lo hac\u00eda hasta hace d\u00edas a pesar de este antecedente.\u00a0<\/p>\n\n\n\n<p>Este<strong>\u00a0profesor<\/strong>\u00a0tambi\u00e9n trabajaba en la escuela\u00a0Fray Benito Lamas, ubicada en el distrito Buena Nueva,<strong>\u00a0Guaymall\u00e9n<\/strong>, donde sospechan que tambi\u00e9n pudo haber cometido<strong>\u00a0abusos.\u00a0<\/strong><\/p>\n\n\n\n<p><strong>Fuente: www.mdzol.com<\/strong><\/p>\n","protected":false},"excerpt":{"rendered":"<p>Hugo Efra\u00edn Oyola Amaya (59) podr\u00eda quedar imputado en las pr\u00f3ximas horas por un nuevo hecho de\u00a0abuso sexual,\u00a0tras la denuncia de otra de sus alumnas. Se tratar\u00eda del quinto caso, mientras el docente-que se desempe\u00f1a en dos escuelas de\u00a0Guaymall\u00e9n&#8211;\u00a0permanece detenido.\u00a0 De acuerdo al relato reciente de otra menor de edad que habr\u00eda sido v\u00edctima de [&hellip;]<\/p>\n","protected":false},"author":2,"featured_media":9970,"comment_status":"open","ping_status":"open","sticky":false,"template":"","format":"standard","meta":[],"categories":[48],"tags":[],"_links":{"self":[{"href":"https:\/\/pasaenmendoza.com\/index.php?rest_route=\/wp\/v2\/posts\/9969"}],"collection":[{"href":"https:\/\/pasaenmendoza.com\/index.php?rest_route=\/wp\/v2\/posts"}],"about":[{"href":"https:\/\/pasaenmendoza.com\/index.php?rest_route=\/wp\/v2\/types\/post"}],"author":[{"embeddable":true,"href":"https:\/\/pasaenmendoza.com\/index.php?rest_route=\/wp\/v2\/users\/2"}],"replies":[{"embeddable":true,"href":"https:\/\/pasaenmendoza.com\/index.php?rest_route=%2Fwp%2Fv2%2Fcomments&post=9969"}],"version-history":[{"count":1,"href":"https:\/\/pasaenmendoza.com\/index.php?rest_route=\/wp\/v2\/posts\/9969\/revisions"}],"predecessor-version":[{"id":9971,"href":"https:\/\/pasaenmendoza.com\/index.php?rest_route=\/wp\/v2\/posts\/9969\/revisions\/9971"}],"wp:featuredmedia":[{"embeddable":true,"href":"https:\/\/pasaenmendoza.com\/index.php?rest_route=\/wp\/v2\/media\/9970"}],"wp:attachment":[{"href":"https:\/\/pasaenmendoza.com\/index.php?rest_route=%2Fwp%2Fv2%2Fmedia&parent=9969"}],"wp:term":[{"taxonomy":"category","embeddable":true,"href":"https:\/\/pasaenmendoza.com\/index.php?rest_route=%2Fwp%2Fv2%2Fcategories&post=9969"},{"taxonomy":"post_tag","embeddable":true,"href":"https:\/\/pasaenmendoza.com\/index.php?rest_route=%2Fwp%2Fv2%2Ftags&post=9969"}],"curies":[{"name":"wp","href":"https:\/\/api.w.org\/{rel}","templated":true}]}}