{"id":997,"date":"2023-08-28T16:35:44","date_gmt":"2023-08-28T14:35:44","guid":{"rendered":"https:\/\/pasaenmendoza.com\/?p=997"},"modified":"2023-08-28T16:35:45","modified_gmt":"2023-08-28T14:35:45","slug":"sergio-massa-ratifico-la-retencion-0-para-la-vitivinicultura-y-otras-economias-regionales","status":"publish","type":"post","link":"https:\/\/pasaenmendoza.com\/?p=997","title":{"rendered":"Sergio Massa ratific\u00f3 la &#8220;retenci\u00f3n 0%&#8221; para la vitivinicultura y otras econom\u00edas regionales"},"content":{"rendered":"\n<p>Sergio Massa anunci\u00f3 este domingo la\u00a0<strong>eliminaci\u00f3n de los derechos a la exportaci\u00f3n para una serie de productos de las econom\u00edas regionales, entre ellas la\u00a0vitivinicultura, y ayuda para productores en situaci\u00f3n de emergencia y acuerdo de precios.<\/strong>\u00a0Lo hizo luego luego de que a mediod\u00eda pusiera en marcha del nuevo Programa de Fortalecimiento de la Actividad Econ\u00f3mica y del Ingreso para las familias argentinas.<\/p>\n\n\n\n<p>El ministro explic\u00f3 que el paquete de medidas tendr\u00e1 por objetivo ayudar a pymes, trabajadores, monotributistas, jubilados y trabajadores de la econom\u00eda social. Las mismas comprenden una<strong>\u00a0suba salarial para trabajadores p\u00fablicos y privados<\/strong>, tambi\u00e9n\u00a0<strong>aumentos y bonos para jubilados que ser\u00e1n cobrados en septiembre; habr\u00e1\u00a0incrementos para la Tarjeta Alimentar y Potenciar Trabajo\u00a0como as\u00ed tambi\u00e9n\u00a0cr\u00e9ditos para trabajadores con tasas blandas\u00a0y\u00a0quitas de impuestos para monotributistas.<\/strong>\u00a0Los anuncios lo realizo Massa a trav\u00e9s de mensajes en redes sociales a lo largo de toda la jornada.<\/p>\n\n\n\n<h2 class=\"wp-block-heading\">Medidas para el Agro<\/h2>\n\n\n\n<p>En su cuenta de la red social Instagram, el jefe del Palacio de Hacienda indic\u00f3 que habr\u00e1\u00a0<strong>&#8220;retenci\u00f3n 0% para econom\u00edas regionales con valor agregado industrial como el vino, el mosto<\/strong>, el arroz, el tabaco, la producci\u00f3n forestal, y la c\u00e1scara de citrus, entre otras&#8221;. Tambi\u00e9n habr\u00e1 una ayuda para productores en situaci\u00f3n de emergencia y para industriales que procesan soja.<\/p>\n\n\n\n<p>&#8220;Todos los productos que tienen un<strong>&nbsp;proceso de industrializaci\u00f3n para las exportaciones, van a tener retenciones cero&nbsp;<\/strong>a los efectos de aumentar nuestras exportaciones con valor agregado&#8221;, enfatiz\u00f3 el ministro.<\/p>\n\n\n\n<p>Massa destac\u00f3 adem\u00e1s que habr\u00e1 &#8220;un nuevo programa de siembra para trigo y ma\u00edz con entrega de hasta 5 TN de fertilizantes para productores en emergencia agropecuaria a partir de un convenio con la compa\u00f1\u00eda YPF Agro&#8221;.<\/p>\n\n\n\n<p>El responsable de la cartera econ\u00f3mica se\u00f1al\u00f3 que &#8220;vamos a continuar con el programa Puente al Empleo, para el sector agropecuario, que transforma los planes sociales en empleo registrado para quienes tomen trabajo en el sector rural, manteni\u00e9ndose durante un a\u00f1o los planes&#8221;.<\/p>\n\n\n\n<p>Finalmente, Massa adelant\u00f3 un nuevo &#8220;Programa de Incremento Exportador y dijo que para los productos como la\u00a0<strong>harina, el aceite y el pellet de soja vamos a dar la posibilidad de disponer del 25% de las divisas para comprar transitoriamente poroto de soja para procesar<\/strong>, manteniendo los puestos de trabajo de las plantas industriales y generando valor agregado en nuestro complejo industrial sojero&#8221;.<\/p>\n\n\n\n<h2 class=\"wp-block-heading\">Fortalecer las exportaciones<\/h2>\n\n\n\n<ul>\n<li>Un nuevo programa de 770 millones de d\u00f3lares para prefinanciaci\u00f3n de exportaciones:<\/li>\n\n\n\n<li>U$S 550 millones de d\u00f3lares del Banco Naci\u00f3n de la Argentina<\/li>\n\n\n\n<li>U$S 220 millones del Banco Bica<\/li>\n<\/ul>\n\n\n\n<p>&#8220;El objetivo es que las empresas que venden trabajo argentino al mundo tengan todas las herramientas para seguir aumentando el volumen de exportaci\u00f3n y acumular reservas&#8221;.<\/p>\n\n\n\n<h2 class=\"wp-block-heading\">Acuerdos de Precios<\/h2>\n\n\n\n<p>&#8220;Sendero del 5% con m\u00e1s de 400 empresas que representan 50.000 productos de higiene y alimentos de primera necesidad de la canasta de los argentinos&#8221;, sostuvo el ex titular de la C\u00e1mara de Diputados,<\/p>\n\n\n\n<p>Cero aumentos de combustibles hasta el 1\u00b0 de noviembre<\/p>\n\n\n\n<p>Cero aumentos de medicamentos hasta el 1\u00b0 de noviembre<\/p>\n\n\n\n<p>&#8220;Para este programa ponemos un beneficio del 6% del total de impuestos que pagan las empresas en descuento del IVA y del impuesto a las ganancias de cada una de esas empresas&#8221;,<\/p>\n\n\n\n<p>&#8220;El esfuerzo lo hacemos en conjunto, las empresas y el Estado argentino&#8221;, concluy\u00f3 el funcionario.<\/p>\n\n\n\n<p><strong>Fuente: www.diariouno.com.ar<\/strong><\/p>\n","protected":false},"excerpt":{"rendered":"<p>Sergio Massa anunci\u00f3 este domingo la\u00a0eliminaci\u00f3n de los derechos a la exportaci\u00f3n para una serie de productos de las econom\u00edas regionales, entre ellas la\u00a0vitivinicultura, y ayuda para productores en situaci\u00f3n de emergencia y acuerdo de precios.\u00a0Lo hizo luego luego de que a mediod\u00eda pusiera en marcha del nuevo Programa de Fortalecimiento de la Actividad Econ\u00f3mica [&hellip;]<\/p>\n","protected":false},"author":2,"featured_media":998,"comment_status":"open","ping_status":"open","sticky":false,"template":"","format":"standard","meta":[],"categories":[49],"tags":[],"_links":{"self":[{"href":"https:\/\/pasaenmendoza.com\/index.php?rest_route=\/wp\/v2\/posts\/997"}],"collection":[{"href":"https:\/\/pasaenmendoza.com\/index.php?rest_route=\/wp\/v2\/posts"}],"about":[{"href":"https:\/\/pasaenmendoza.com\/index.php?rest_route=\/wp\/v2\/types\/post"}],"author":[{"embeddable":true,"href":"https:\/\/pasaenmendoza.com\/index.php?rest_route=\/wp\/v2\/users\/2"}],"replies":[{"embeddable":true,"href":"https:\/\/pasaenmendoza.com\/index.php?rest_route=%2Fwp%2Fv2%2Fcomments&post=997"}],"version-history":[{"count":1,"href":"https:\/\/pasaenmendoza.com\/index.php?rest_route=\/wp\/v2\/posts\/997\/revisions"}],"predecessor-version":[{"id":999,"href":"https:\/\/pasaenmendoza.com\/index.php?rest_route=\/wp\/v2\/posts\/997\/revisions\/999"}],"wp:featuredmedia":[{"embeddable":true,"href":"https:\/\/pasaenmendoza.com\/index.php?rest_route=\/wp\/v2\/media\/998"}],"wp:attachment":[{"href":"https:\/\/pasaenmendoza.com\/index.php?rest_route=%2Fwp%2Fv2%2Fmedia&parent=997"}],"wp:term":[{"taxonomy":"category","embeddable":true,"href":"https:\/\/pasaenmendoza.com\/index.php?rest_route=%2Fwp%2Fv2%2Fcategories&post=997"},{"taxonomy":"post_tag","embeddable":true,"href":"https:\/\/pasaenmendoza.com\/index.php?rest_route=%2Fwp%2Fv2%2Ftags&post=997"}],"curies":[{"name":"wp","href":"https:\/\/api.w.org\/{rel}","templated":true}]}}