{"id":9982,"date":"2024-11-06T22:53:40","date_gmt":"2024-11-06T21:53:40","guid":{"rendered":"https:\/\/pasaenmendoza.com\/?p=9982"},"modified":"2024-11-06T22:53:41","modified_gmt":"2024-11-06T21:53:41","slug":"paro-sorpresivo-y-vuelos-cancelados-la-situacion-en-mendoza","status":"publish","type":"post","link":"https:\/\/pasaenmendoza.com\/?p=9982","title":{"rendered":"Paro sorpresivo y vuelos cancelados: la situaci\u00f3n en Mendoza"},"content":{"rendered":"\n<p><strong>Un paro sorpresivo de Intercargo gener\u00f3 demoras y cancelaciones de vuelos tanto en Aeroparque como en el aeropuerto de Mendoza<\/strong>&nbsp;de este mi\u00e9rcoles. La medida de fuerza, que por el momento no afecta al Aeropuerto de Ezeiza, complic\u00f3 las operaciones de diversas aerol\u00edneas privadas.<\/p>\n\n\n\n<p>Seg\u00fan informaron fuentes de la compa\u00f1\u00eda, el conflicto surgi\u00f3 tras el despido de un empleado que, el pasado s\u00e1bado, abandon\u00f3 su puesto de trabajo sin relevo, ocasionando demoras de hasta dos horas en la entrega de equipaje y en el descenso de pasajeros en Aeroparque. El gremio, que contin\u00faa reunido para evaluar la situaci\u00f3n, advirti\u00f3 que el despido podr\u00eda ser parte de una serie de medidas similares. No se sabe con certeza cu\u00e1nto tiempo durar\u00e1 la protesta.<\/p>\n\n\n\n<p>La paralizaci\u00f3n afecta los vuelos de aerol\u00edneas privadas, mientras que los servicios de Aerol\u00edneas Argentinas operan sin inconvenientes. No obstante, la Asociaci\u00f3n del Personal Aeron\u00e1utico (APA), a la que est\u00e1 vinculada Intercargo, podr\u00eda extender la medida de fuerza a Ezeiza en las pr\u00f3ximas horas.<\/p>\n\n\n\n<h2 class=\"wp-block-heading\" id=\"h-mendoza-tambien-sufrio-interrupciones-en-vuelos\">Mendoza tambi\u00e9n sufri\u00f3 interrupciones en vuelos<\/h2>\n\n\n\n<p>El paro no solo afect\u00f3 a Aeroparque, sino que tambi\u00e9n provoc\u00f3 demoras y cancelaciones en el aeropuerto de Mendoza, generando complicaciones para los pasajeros que deb\u00edan volar desde y hacia la provincia.<\/p>\n\n\n\n<figure class=\"wp-block-image\"><img decoding=\"async\" src=\"https:\/\/i0.wp.com\/newspack-elsol.s3.amazonaws.com\/wp-content\/uploads\/2024\/11\/aeropuertos.png?resize=780%2C324&amp;ssl=1\" alt=\"\" class=\"wp-image-2023678\"\/><\/figure>\n\n\n\n<h2 class=\"wp-block-heading\" id=\"h-historial-reciente-de-interrupciones-en-el-servicio\"><strong>Historial reciente de interrupciones en el servicio<\/strong><\/h2>\n\n\n\n<p>El martes, Aeroparque ya hab\u00eda experimentado la cancelaci\u00f3n de 25 vuelos debido a un paro de pilotos. La protesta incluy\u00f3 una concentraci\u00f3n de trabajadores, tripulantes y pilotos en el \u00e1rea de partidas, reclamando una actualizaci\u00f3n salarial que lleva meses sin resolverse. La manifestaci\u00f3n fue liderada por la Asociaci\u00f3n de Pilotos de L\u00edneas A\u00e9reas (APLA) y la Asociaci\u00f3n Argentina de Aeronavegantes (AAA).<\/p>\n\n\n\n<p>Los conflictos tambi\u00e9n impactaron los vuelos internacionales de Aerol\u00edneas Argentinas, que fueron cubiertos por las aerol\u00edneas Gol y Avianca debido a la falta de pilotos. La medida se debe a paros en los simuladores de Ezeiza, donde los comandantes no pudieron renovar sus licencias semestrales. APLA exige un incremento salarial del 90% desde mayo, respaldado por AAA y APA, lo que ha resultado en la cancelaci\u00f3n de vuelos a destinos como Canc\u00fan, Miami, Madrid y Roma.<\/p>\n\n\n\n<p><strong>Fuente: www.elsol.com.ar<\/strong><\/p>\n","protected":false},"excerpt":{"rendered":"<p>Un paro sorpresivo de Intercargo gener\u00f3 demoras y cancelaciones de vuelos tanto en Aeroparque como en el aeropuerto de Mendoza&nbsp;de este mi\u00e9rcoles. La medida de fuerza, que por el momento no afecta al Aeropuerto de Ezeiza, complic\u00f3 las operaciones de diversas aerol\u00edneas privadas. Seg\u00fan informaron fuentes de la compa\u00f1\u00eda, el conflicto surgi\u00f3 tras el despido [&hellip;]<\/p>\n","protected":false},"author":2,"featured_media":9983,"comment_status":"open","ping_status":"open","sticky":false,"template":"","format":"standard","meta":[],"categories":[99],"tags":[],"_links":{"self":[{"href":"https:\/\/pasaenmendoza.com\/index.php?rest_route=\/wp\/v2\/posts\/9982"}],"collection":[{"href":"https:\/\/pasaenmendoza.com\/index.php?rest_route=\/wp\/v2\/posts"}],"about":[{"href":"https:\/\/pasaenmendoza.com\/index.php?rest_route=\/wp\/v2\/types\/post"}],"author":[{"embeddable":true,"href":"https:\/\/pasaenmendoza.com\/index.php?rest_route=\/wp\/v2\/users\/2"}],"replies":[{"embeddable":true,"href":"https:\/\/pasaenmendoza.com\/index.php?rest_route=%2Fwp%2Fv2%2Fcomments&post=9982"}],"version-history":[{"count":1,"href":"https:\/\/pasaenmendoza.com\/index.php?rest_route=\/wp\/v2\/posts\/9982\/revisions"}],"predecessor-version":[{"id":9984,"href":"https:\/\/pasaenmendoza.com\/index.php?rest_route=\/wp\/v2\/posts\/9982\/revisions\/9984"}],"wp:featuredmedia":[{"embeddable":true,"href":"https:\/\/pasaenmendoza.com\/index.php?rest_route=\/wp\/v2\/media\/9983"}],"wp:attachment":[{"href":"https:\/\/pasaenmendoza.com\/index.php?rest_route=%2Fwp%2Fv2%2Fmedia&parent=9982"}],"wp:term":[{"taxonomy":"category","embeddable":true,"href":"https:\/\/pasaenmendoza.com\/index.php?rest_route=%2Fwp%2Fv2%2Fcategories&post=9982"},{"taxonomy":"post_tag","embeddable":true,"href":"https:\/\/pasaenmendoza.com\/index.php?rest_route=%2Fwp%2Fv2%2Ftags&post=9982"}],"curies":[{"name":"wp","href":"https:\/\/api.w.org\/{rel}","templated":true}]}}