{"id":9987,"date":"2024-11-07T13:38:24","date_gmt":"2024-11-07T12:38:24","guid":{"rendered":"https:\/\/pasaenmendoza.com\/?p=9987"},"modified":"2024-11-07T13:38:25","modified_gmt":"2024-11-07T12:38:25","slug":"el-tiempo-en-mendoza-jueves-parcialmente-nublado-y-con-viento","status":"publish","type":"post","link":"https:\/\/pasaenmendoza.com\/?p=9987","title":{"rendered":"El tiempo en Mendoza: jueves parcialmente nublado y con viento"},"content":{"rendered":"\n<p>Este&nbsp;<strong>jueves&nbsp;<\/strong>se presenta en Mendoza parcialmente nublado, con vientos leves del noreste y poco cambio de la temperatura. La m\u00e1xima ser\u00e1 de&nbsp;<strong>28 grados<\/strong>&nbsp;y la m\u00ednima de 16. Estar\u00e1 poco nuboso en cordillera.<\/p>\n\n\n\n<p>Para el&nbsp;<strong>viernes<\/strong>, se prev\u00e9 una jornada con nubosidad variable e inestable, con ascenso de la temperatura y vientos moderados del noreste. La temperatura m\u00e1xima pronosticada es de&nbsp;<strong>31 grados&nbsp;<\/strong>y la m\u00ednima de 18.<\/p>\n\n\n\n<p>El\u00a0<strong>s\u00e1bado<\/strong>, por su parte, la Direcci\u00f3n de Contingencias Clim\u00e1ticas se\u00f1ala que ser\u00e1 un d\u00eda\u00a0<em>\u201ccaluroso e inestable, con nubosidad variable y tormentas aisladas, vientos moderados del noreste. Precipitaciones en cordillera\u201d<\/em>. La m\u00e1xima ser\u00eda de\u00a0<strong>34 grados<\/strong>\u00a0y la m\u00ednima de 19.<\/p>\n\n\n\n<p>En cuanto al\u00a0<strong>domingo<\/strong>, estar\u00e1 caluroso e inestable, con nubosidad variable y tormentas aisladas y vientos moderados del noreste. Se esperan precipitaciones aisladas. La temperatura m\u00e1xima alcanzar\u00eda los\u00a0<strong>29 grados<\/strong>\u00a0y la m\u00ednima los 19.<\/p>\n\n\n\n<p><strong>Fuente: www.elsol.com.ar<\/strong><\/p>\n","protected":false},"excerpt":{"rendered":"<p>Este&nbsp;jueves&nbsp;se presenta en Mendoza parcialmente nublado, con vientos leves del noreste y poco cambio de la temperatura. La m\u00e1xima ser\u00e1 de&nbsp;28 grados&nbsp;y la m\u00ednima de 16. Estar\u00e1 poco nuboso en cordillera. Para el&nbsp;viernes, se prev\u00e9 una jornada con nubosidad variable e inestable, con ascenso de la temperatura y vientos moderados del noreste. La temperatura m\u00e1xima [&hellip;]<\/p>\n","protected":false},"author":2,"featured_media":9988,"comment_status":"open","ping_status":"open","sticky":false,"template":"","format":"standard","meta":[],"categories":[52],"tags":[],"_links":{"self":[{"href":"https:\/\/pasaenmendoza.com\/index.php?rest_route=\/wp\/v2\/posts\/9987"}],"collection":[{"href":"https:\/\/pasaenmendoza.com\/index.php?rest_route=\/wp\/v2\/posts"}],"about":[{"href":"https:\/\/pasaenmendoza.com\/index.php?rest_route=\/wp\/v2\/types\/post"}],"author":[{"embeddable":true,"href":"https:\/\/pasaenmendoza.com\/index.php?rest_route=\/wp\/v2\/users\/2"}],"replies":[{"embeddable":true,"href":"https:\/\/pasaenmendoza.com\/index.php?rest_route=%2Fwp%2Fv2%2Fcomments&post=9987"}],"version-history":[{"count":1,"href":"https:\/\/pasaenmendoza.com\/index.php?rest_route=\/wp\/v2\/posts\/9987\/revisions"}],"predecessor-version":[{"id":9989,"href":"https:\/\/pasaenmendoza.com\/index.php?rest_route=\/wp\/v2\/posts\/9987\/revisions\/9989"}],"wp:featuredmedia":[{"embeddable":true,"href":"https:\/\/pasaenmendoza.com\/index.php?rest_route=\/wp\/v2\/media\/9988"}],"wp:attachment":[{"href":"https:\/\/pasaenmendoza.com\/index.php?rest_route=%2Fwp%2Fv2%2Fmedia&parent=9987"}],"wp:term":[{"taxonomy":"category","embeddable":true,"href":"https:\/\/pasaenmendoza.com\/index.php?rest_route=%2Fwp%2Fv2%2Fcategories&post=9987"},{"taxonomy":"post_tag","embeddable":true,"href":"https:\/\/pasaenmendoza.com\/index.php?rest_route=%2Fwp%2Fv2%2Ftags&post=9987"}],"curies":[{"name":"wp","href":"https:\/\/api.w.org\/{rel}","templated":true}]}}