{"id":9990,"date":"2024-11-07T13:42:47","date_gmt":"2024-11-07T12:42:47","guid":{"rendered":"https:\/\/pasaenmendoza.com\/?p=9990"},"modified":"2024-11-07T13:42:47","modified_gmt":"2024-11-07T12:42:47","slug":"tragedia-en-guaymallen-una-mujer-murio-al-caer-de-un-colectivo-en-plena-marcha","status":"publish","type":"post","link":"https:\/\/pasaenmendoza.com\/?p=9990","title":{"rendered":"Tragedia en Guaymall\u00e9n: una mujer muri\u00f3 al caer de un colectivo en plena marcha"},"content":{"rendered":"\n<p>Una mujer de 29 a\u00f1os muri\u00f3 este mi\u00e9rcoles por la tarde luego de caer de un colectivo en movimiento en la intersecci\u00f3n de las calles<strong>&nbsp;Avellaneda y Pedro Molina, en Guaymall\u00e9n.&nbsp;<\/strong>El siniestro fatal ocurri\u00f3 cerca de las 18 y fue caratulado como homicidio culposo.<\/p>\n\n\n\n<p>El veh\u00edculo involucrado, un micro de la l\u00ednea 500 (interno 56) era conducido por Alberto Walter Ponce, de 55 a\u00f1os. Seg\u00fan los informes preliminares realizados en la escena, el trabajador del volante no presentaba signos de alcohol en sangre.<\/p>\n\n\n\n<p>La v\u00edctima fatal fue identificada como\u00a0<strong>D\u00e9bora Karen Reta<\/strong>, con domicilio en el barrio El Carmen.<\/p>\n\n\n\n<p>Por la declaraci\u00f3n de testigos y primeras informaciones, cay\u00f3 al asfalto tras perder el equilibrio al descender por la puerta trasera, que al momento se encontraba abierta.<\/p>\n\n\n\n<p>Los declarantes indicaron que&nbsp;<em>Reta hab\u00eda tocado el timbre para solicitar la parada y, en circunstancias que son motivo de investigaci\u00f3n, cay\u00f3 del colectivo mientras este realizaba un giro hacia el norte<\/em>.<\/p>\n\n\n\n<p>El impacto en la cabeza fue letal, y la mujer falleci\u00f3 en el lugar. Personal de emergencias confirm\u00f3 el deceso.<\/p>\n\n\n\n<p><strong>Fuente: www.elsol.com.ar<\/strong><\/p>\n","protected":false},"excerpt":{"rendered":"<p>Una mujer de 29 a\u00f1os muri\u00f3 este mi\u00e9rcoles por la tarde luego de caer de un colectivo en movimiento en la intersecci\u00f3n de las calles&nbsp;Avellaneda y Pedro Molina, en Guaymall\u00e9n.&nbsp;El siniestro fatal ocurri\u00f3 cerca de las 18 y fue caratulado como homicidio culposo. El veh\u00edculo involucrado, un micro de la l\u00ednea 500 (interno 56) era [&hellip;]<\/p>\n","protected":false},"author":2,"featured_media":9991,"comment_status":"open","ping_status":"open","sticky":false,"template":"","format":"standard","meta":[],"categories":[48],"tags":[],"_links":{"self":[{"href":"https:\/\/pasaenmendoza.com\/index.php?rest_route=\/wp\/v2\/posts\/9990"}],"collection":[{"href":"https:\/\/pasaenmendoza.com\/index.php?rest_route=\/wp\/v2\/posts"}],"about":[{"href":"https:\/\/pasaenmendoza.com\/index.php?rest_route=\/wp\/v2\/types\/post"}],"author":[{"embeddable":true,"href":"https:\/\/pasaenmendoza.com\/index.php?rest_route=\/wp\/v2\/users\/2"}],"replies":[{"embeddable":true,"href":"https:\/\/pasaenmendoza.com\/index.php?rest_route=%2Fwp%2Fv2%2Fcomments&post=9990"}],"version-history":[{"count":1,"href":"https:\/\/pasaenmendoza.com\/index.php?rest_route=\/wp\/v2\/posts\/9990\/revisions"}],"predecessor-version":[{"id":9992,"href":"https:\/\/pasaenmendoza.com\/index.php?rest_route=\/wp\/v2\/posts\/9990\/revisions\/9992"}],"wp:featuredmedia":[{"embeddable":true,"href":"https:\/\/pasaenmendoza.com\/index.php?rest_route=\/wp\/v2\/media\/9991"}],"wp:attachment":[{"href":"https:\/\/pasaenmendoza.com\/index.php?rest_route=%2Fwp%2Fv2%2Fmedia&parent=9990"}],"wp:term":[{"taxonomy":"category","embeddable":true,"href":"https:\/\/pasaenmendoza.com\/index.php?rest_route=%2Fwp%2Fv2%2Fcategories&post=9990"},{"taxonomy":"post_tag","embeddable":true,"href":"https:\/\/pasaenmendoza.com\/index.php?rest_route=%2Fwp%2Fv2%2Ftags&post=9990"}],"curies":[{"name":"wp","href":"https:\/\/api.w.org\/{rel}","templated":true}]}}