{"id":9999,"date":"2024-11-07T21:42:58","date_gmt":"2024-11-07T20:42:58","guid":{"rendered":"https:\/\/pasaenmendoza.com\/?p=9999"},"modified":"2024-11-07T21:42:59","modified_gmt":"2024-11-07T20:42:59","slug":"el-radical-cobos-y-los-peronistas-aveiro-y-paponet-reclamaron-a-milei-por-la-obra-publica","status":"publish","type":"post","link":"https:\/\/pasaenmendoza.com\/?p=9999","title":{"rendered":"El radical Cobos y los peronistas Aveiro y Paponet reclamaron a Milei por la obra p\u00fablica"},"content":{"rendered":"\n<p>El diputado nacional\u00a0Julio Cobos\u00a0reclam\u00f3 este jueves que sea citado al Congreso el secretario de Obras P\u00fablicas para interrogarlo sobre la paralizaci\u00f3n de la obra p\u00fablica. El radical present\u00f3 un proyecto que cont\u00f3 con el aval de otros dos mendocinos: los peronistas Mart\u00edn Aveiro y Liliana Paponet.<\/p>\n\n\n\n<p>El ex gobernador de Mendoza present\u00f3 el pedido que fue firmado por legisladores de otros partidos.<\/p>\n\n\n\n<p>\u201cCon legisladores de diferentes sectores pol\u00edticos, y ante la falta de respuesta del Ejecutivo Nacional, citamos al secretario de Obras P\u00fablicas, Luis Enrique Giovine, para que se presente ante la Comisi\u00f3n de Obras P\u00fablicas de la C\u00e1mara de Diputados y brinde todas las explicaciones necesarias respecto a la situaci\u00f3n de las obras p\u00fablicas en Argentina\u201d, explic\u00f3 Cobos.<\/p>\n\n\n\n<h2 class=\"wp-block-heading\">Cobos dijo que hay que terminar con la corrupci\u00f3n en la obra p\u00fablica, no con la obra p\u00fablica<\/h2>\n\n\n\n<p>\u201cDecidimos avanzar con este pedido -se\u00f1al\u00f3 el ex vicepresidente de la Naci\u00f3n- ya que el pasado 23 de octubre, luego de que realiz\u00e1ramos una reuni\u00f3n de la Comisi\u00f3n de Obras P\u00fablicas, se envi\u00f3 la invitaci\u00f3n al secretario de Obras P\u00fablicas de la Naci\u00f3n para que participara de la reuni\u00f3n de la comisi\u00f3n del 5 de noviembre. Sin embargo, por cuestiones de agenda, seg\u00fan informaron, no pudo asistir&#8221;.<\/p>\n\n\n\n<p>Tambi\u00e9n dijo Cobos que &#8220;la importancia de la obra p\u00fablica para el desarrollo regional y el dinamismo de las econom\u00edas locales es fundamental.&nbsp;<strong>Por eso es necesario que los funcionarios del oficialismo expliquen la hoja de ruta.&nbsp;<\/strong>Compartimos con el Ejecutivo la importancia de combatir la corrupci\u00f3n, pero&nbsp;<strong>lo que se debe terminar es con la corrupci\u00f3n en la obra p\u00fablica, no con la obra p\u00fablica\u201d.<\/strong><\/p>\n\n\n\n<p><strong>Esta citaci\u00f3n al Congreso de la Naci\u00f3n la hacemos en el marco del art\u00edculo 71\u00b0 de nuestra Constituci\u00f3n y el art\u00edculo 204\u00b0 y siguientes del reglamento interno. Estas reuniones entre funcionarios y miembros del Congreso son corrientes y sostenidas a lo largo de distintas gestiones y tienen como fin, buscar el mayor provecho en beneficio de la poblaci\u00f3n. Es necesario precisar que, en primer t\u00e9rmino, este tipo de citaciones son habituales, tanto para el pleno de la C\u00e1mara como para la comisi\u00f3n que trata cada tema. Es un deber insoslayable de los funcionarios que expliquen y que los diputados estemos informados respecto a la gesti\u00f3n y marcha de las obras p\u00fablicas<\/strong><\/p>\n\n\n\n<p>Otro concepto del diputado mendocino: \u201cDesde que comenz\u00f3 la gesti\u00f3n del presidente Milei se anunci\u00f3 la paralizaci\u00f3n de las obras p\u00fablicas y el lanzamiento de un nuevo plan a la chilena con inversi\u00f3n privada.<strong>\u00a0La paralizaci\u00f3n se ejecut\u00f3 de inmediato y eso causa diversos problemas en todas las provincias argentinas, obras viales a medio a hacer con desv\u00edos provisorios abandonados, viviendas sin terminar, obras h\u00eddricas, que en todos los casos van sufriendo deterioro, vandalismo y da\u00f1os que hacen que se desperdicie la inversi\u00f3n ya realizada.\u00a0<\/strong>Sin embargo, no se conocen c\u00f3mo son los planes de ejecuci\u00f3n a la chilena tal como se los denomin\u00f3 p\u00fablicamente. Esto es prioritario porque el costo del abandono de las obras o la falta de mantenimiento es alt\u00edsimo y muy peligroso para la poblaci\u00f3n\u201d.<\/p>\n\n\n\n<p>Y finaliz\u00f3: \u201cEs necesario que el secretario de Obras P\u00fablicas explique la situaci\u00f3n real, qu\u00e9 obras se concluir\u00e1n, cu\u00e1les se abandonar\u00e1n definitivamente, cu\u00e1les ser\u00e1n entregadas a las provincias para que las completen, y c\u00f3mo son los planes de aqu\u00ed en adelante para dotar de la infraestructura para el desarrollo que necesita Argentina, sean con inversi\u00f3n p\u00fablica y\/o privada. Es necesario fijar prioridades y objetivos.\u00a0<strong>Sin obra p\u00fablica no hay desarrollo federal y sin Estado eficiente y comprometido no hay obra posible\u201d.<\/strong><\/p>\n\n\n\n<p>Las preguntas para el secretario de Obras P\u00fablicas<\/p>\n\n\n\n<p>A continuaci\u00f3n, detalle de las preguntas a responder por el funcionario y que forman parte del proyecto de resoluci\u00f3n:<\/p>\n\n\n\n<ul>\n<li>Obras viales: \u00bfCu\u00e1les obras est\u00e1n en ejecuci\u00f3n y cu\u00e1les paralizadas? \u00bfQu\u00e9 obras prev\u00e9 licitar Vialidad Nacional en 2025?<\/li>\n\n\n\n<li>Obras de agua potable y saneamiento: \u00bfCu\u00e1les obras est\u00e1n en ejecuci\u00f3n y cu\u00e1les paralizadas? \u00bfCu\u00e1l es la situaci\u00f3n del Enohsa, ya que se ha anunciado p\u00fablicamente su cierre? \u00bfQu\u00e9 obras se prev\u00e9 licitar en este rubro en 2025?<\/li>\n\n\n\n<li>\u00bfCu\u00e1les son los grados de ejecuci\u00f3n de los cr\u00e9ditos para obras p\u00fablicas del BID, Banco Mundial y CAF?<\/li>\n\n\n\n<li>Obras de vivienda: \u00bfQu\u00e9 obras se ejecutan, \u00bfCu\u00e1les se han paralizados y c\u00f3mo est\u00e1 previsto terminarlas? \u00bfEl gobierno nacional no licitar\u00e1 m\u00e1s obras de vivienda social?<\/li>\n\n\n\n<li>El Presidente y otros funcionarios han anunciado en diversas oportunidades que se ejecutar\u00e1n obras p\u00fablicas \u201ca la chilena\u201d, es decir con iniciativa o propuestas de inversi\u00f3n privada. Se solicita que se indique qu\u00e9 medidas se han tomado o planes se est\u00e1n realizando para concretar este plan.<\/li>\n\n\n\n<li>La obra p\u00fablica m\u00e1s grande de Argentina en este momento paralizada son las presas y centrales hidroel\u00e9ctricas del R\u00edo Santa Cruz. Dado que no se pueden abandonar en el estado actual lo que implicar\u00eda un da\u00f1o ambiental importante en la cuenca, si se reactivar\u00e1n, y en qu\u00e9 forma.<\/li>\n\n\n\n<li>Todas las dem\u00e1s preguntas referidas a las obras p\u00fablicas que los diputados puedan realizar.<\/li>\n<\/ul>\n\n\n\n<p>Firman el proyecto:<\/p>\n\n\n\n<ul>\n<li><strong>Julio Cleto Cobos (Uni\u00f3n C\u00edvica Radical)<\/strong><\/li>\n\n\n\n<li><strong>&nbsp;Bernardo Jos\u00e9 Herrera (Uni\u00f3n por la Patria)<\/strong><\/li>\n\n\n\n<li><strong>&nbsp;Gerardo Cipolini (Uni\u00f3n C\u00edvica Radical)<\/strong><\/li>\n\n\n\n<li><strong>&nbsp;German Mart\u00ednez (Uni\u00f3n por la Patria)<\/strong><\/li>\n\n\n\n<li><strong>&nbsp;Mart\u00edn Aveiro (Uni\u00f3n por la Patria)<\/strong><\/li>\n\n\n\n<li><strong>&nbsp;Liliana Paponet (Uni\u00f3n por la Patria)<\/strong><\/li>\n\n\n\n<li><strong>&nbsp;Mar\u00eda Luisa Chomiak (Uni\u00f3n por la Patria)<\/strong><\/li>\n\n\n\n<li><strong>&nbsp;\u00c1lvaro Gonz\u00e1lez (PRO)<\/strong><\/li>\n\n\n\n<li><strong>&nbsp;Yolanda Vega (Inovaci\u00f3n Federal)<\/strong><\/li>\n\n\n\n<li><strong>&nbsp;Christian Castillo (PTS-Frente de Izquierda Unidad)<\/strong><\/li>\n\n\n\n<li><strong>&nbsp;Danya Tavela (Democracia para Siempre)<\/strong><\/li>\n\n\n\n<li><strong>&nbsp;Roberto S\u00e1nchez (Uni\u00f3n C\u00edvica Radical)<\/strong><\/li>\n\n\n\n<li><strong>&nbsp;Estela Neder (Uni\u00f3n por la Patria)<\/strong><\/li>\n\n\n\n<li><strong>&nbsp;Sebasti\u00e1n Noblega (Uni\u00f3n por la Patria)<\/strong><\/li>\n\n\n\n<li><strong>\u00a0Graciela Parola (Uni\u00f3n por la Patria)<\/strong><\/li>\n<\/ul>\n\n\n\n<p><strong>Fuente: www.diariouno.com.ar<\/strong><\/p>\n","protected":false},"excerpt":{"rendered":"<p>El diputado nacional\u00a0Julio Cobos\u00a0reclam\u00f3 este jueves que sea citado al Congreso el secretario de Obras P\u00fablicas para interrogarlo sobre la paralizaci\u00f3n de la obra p\u00fablica. El radical present\u00f3 un proyecto que cont\u00f3 con el aval de otros dos mendocinos: los peronistas Mart\u00edn Aveiro y Liliana Paponet. El ex gobernador de Mendoza present\u00f3 el pedido que [&hellip;]<\/p>\n","protected":false},"author":2,"featured_media":10000,"comment_status":"open","ping_status":"open","sticky":false,"template":"","format":"standard","meta":[],"categories":[47],"tags":[],"_links":{"self":[{"href":"https:\/\/pasaenmendoza.com\/index.php?rest_route=\/wp\/v2\/posts\/9999"}],"collection":[{"href":"https:\/\/pasaenmendoza.com\/index.php?rest_route=\/wp\/v2\/posts"}],"about":[{"href":"https:\/\/pasaenmendoza.com\/index.php?rest_route=\/wp\/v2\/types\/post"}],"author":[{"embeddable":true,"href":"https:\/\/pasaenmendoza.com\/index.php?rest_route=\/wp\/v2\/users\/2"}],"replies":[{"embeddable":true,"href":"https:\/\/pasaenmendoza.com\/index.php?rest_route=%2Fwp%2Fv2%2Fcomments&post=9999"}],"version-history":[{"count":1,"href":"https:\/\/pasaenmendoza.com\/index.php?rest_route=\/wp\/v2\/posts\/9999\/revisions"}],"predecessor-version":[{"id":10001,"href":"https:\/\/pasaenmendoza.com\/index.php?rest_route=\/wp\/v2\/posts\/9999\/revisions\/10001"}],"wp:featuredmedia":[{"embeddable":true,"href":"https:\/\/pasaenmendoza.com\/index.php?rest_route=\/wp\/v2\/media\/10000"}],"wp:attachment":[{"href":"https:\/\/pasaenmendoza.com\/index.php?rest_route=%2Fwp%2Fv2%2Fmedia&parent=9999"}],"wp:term":[{"taxonomy":"category","embeddable":true,"href":"https:\/\/pasaenmendoza.com\/index.php?rest_route=%2Fwp%2Fv2%2Fcategories&post=9999"},{"taxonomy":"post_tag","embeddable":true,"href":"https:\/\/pasaenmendoza.com\/index.php?rest_route=%2Fwp%2Fv2%2Ftags&post=9999"}],"curies":[{"name":"wp","href":"https:\/\/api.w.org\/{rel}","templated":true}]}}